{"id":238381,"date":"2020-11-25T11:27:49","date_gmt":"2020-11-25T11:27:49","guid":{"rendered":"http:\/\/diariodominicano.ddns.net\/?p=238381"},"modified":"2020-11-25T11:27:49","modified_gmt":"2020-11-25T11:27:49","slug":"sube-a-37-numero-de-muertos-por-choque-entre-camion-y-autobus-en-brasil","status":"publish","type":"post","link":"https:\/\/diariodominicano.com\/?p=238381","title":{"rendered":"Sube a 37 n\u00famero de muertos por choque entre cami\u00f3n y autob\u00fas en Brasil"},"content":{"rendered":"<p><body><\/p>\n<p><img decoding=\"async\" src=\"img3\/BrasilChoque25-11-20.jpg\" \/>  <\/p>\n<p><span class=\"text1noticias\">diariodominicano.com<\/span><\/p>\n<p><span class=\"text1noticias\">   SAO PAULO, 25 nov (Xinhua) &#8212; Al menos 37 personas murieron por un choque entre un autob\u00fas y un cami\u00f3n ocurrido hoy mi\u00e9rcoles en una carretera del estado de Sao Paulo, en el sureste de Brasil, inform\u00f3 un portavoz del cuerpo de bomberos de la polic\u00eda local, capit\u00e1n Carlos Weickler Filho.<\/span><\/p>\n<\/p>\n<p><span class=\"text1noticias\">   La colisi\u00f3n ocurri\u00f3 en la autov\u00eda Alfredo de Oliveira Carvalho a la altura del municipio de Tagua\u00ed, a 347 kil\u00f3metros al oeste de la ciudad de Sao Paulo.<\/span><\/p>\n<\/p>\n<p><span class=\"text1noticias\">   El teniente Alexandre Guedes, portavoz de la polic\u00eda, dijo al canal de noticias Globonews que inicialmente se han registrado 22 muertos y 15 heridos, pero luego el portavoz de los bomberos ampli\u00f3 la cifra de fallecidos a 37.<\/span><\/p>\n<\/p>\n<p><span class=\"text1noticias\">   Los lesionados fueron enviados a hospitales de las ciudades de Tagua\u00ed, Fartura y Taquarituba.<\/span><\/p>\n<\/p>\n<p><span class=\"text1noticias\">   Seg\u00fan Guedes,de acuerdo a las primeras informaciones de los bomberos en el autob\u00fas viajaban 53 empleados de una empresa textil.<\/span><\/p>\n<\/p>\n<p><span class=\"text1noticias\">   El choque se produjo en las primera horas de la ma\u00f1ana y la carretera tuvo que ser cerrada por al menos tres horas para atender a los sobrevivientes. <\/span><\/p>\n<h6> 2020-11-25 11:27:49 <\/h6>\n<p><!--\n<link rel=\"stylesheet\" href=\"css\/bootstrap.min.css\">\n\n\n<ul class=\"pagination\">\n\t    \n\t\n\n<li >\n\t<a href='?page_no=37'>Previous<\/a>\n\t<\/li>\n\n\n       \n    \n\n<li><a href='?page_no=1'>1<\/a><\/li>\n\n\n\n<li><a href='?page_no=2'>2<\/a><\/li>\n\n\n\n<li><a>...<\/a><\/li>\n\n\n\n<li><a href='?page_no=36'>36<\/a><\/li>\n\n\n\n<li><a href='?page_no=37'>37<\/a><\/li>\n\n\n\n<li class='active'><a>38<\/a><\/li>\n\n\n\n<li><a href='?page_no=39'>39<\/a><\/li>\n\n\n\n<li><a href='?page_no=40'>40<\/a><\/li>\n\n\n\n<li><a>...<\/a><\/li>\n\n\n\n<li><a href='?page_no=51012'>51012<\/a><\/li>\n\n\n\n<li><a href='?page_no=51013'>51013<\/a><\/li>\n\n    \n\t\n\n<li >\n\t<a href='?page_no=39'>Next<\/a>\n\t<\/li>\n\n\n    \n\n<li><a href='?page_no=51013'>Last &rsaquo;&rsaquo;<\/a><\/li>\n\n<\/ul>\n\n\n--><br \/>\n<\/body><\/p>\n","protected":false},"excerpt":{"rendered":"<p>diariodominicano.com SAO PAULO, 25 nov (Xinhua) &#8212; Al menos 37 personas murieron por un choque entre un autob\u00fas y un cami\u00f3n ocurrido hoy mi\u00e9rcoles en una carretera del estado de Sao Paulo, en el sureste de Brasil, inform\u00f3 un portavoz del cuerpo de bomberos de la polic\u00eda local, capit\u00e1n Carlos Weickler Filho. La colisi\u00f3n ocurri\u00f3 [&hellip;]<\/p>\n","protected":false},"author":3,"featured_media":0,"comment_status":"open","ping_status":"open","sticky":false,"template":"","format":"standard","meta":{"footnotes":""},"categories":[23],"tags":[],"class_list":["post-238381","post","type-post","status-publish","format-standard","hentry","category-internacional"],"_links":{"self":[{"href":"https:\/\/diariodominicano.com\/index.php?rest_route=\/wp\/v2\/posts\/238381","targetHints":{"allow":["GET"]}}],"collection":[{"href":"https:\/\/diariodominicano.com\/index.php?rest_route=\/wp\/v2\/posts"}],"about":[{"href":"https:\/\/diariodominicano.com\/index.php?rest_route=\/wp\/v2\/types\/post"}],"author":[{"embeddable":true,"href":"https:\/\/diariodominicano.com\/index.php?rest_route=\/wp\/v2\/users\/3"}],"replies":[{"embeddable":true,"href":"https:\/\/diariodominicano.com\/index.php?rest_route=%2Fwp%2Fv2%2Fcomments&post=238381"}],"version-history":[{"count":0,"href":"https:\/\/diariodominicano.com\/index.php?rest_route=\/wp\/v2\/posts\/238381\/revisions"}],"wp:attachment":[{"href":"https:\/\/diariodominicano.com\/index.php?rest_route=%2Fwp%2Fv2%2Fmedia&parent=238381"}],"wp:term":[{"taxonomy":"category","embeddable":true,"href":"https:\/\/diariodominicano.com\/index.php?rest_route=%2Fwp%2Fv2%2Fcategories&post=238381"},{"taxonomy":"post_tag","embeddable":true,"href":"https:\/\/diariodominicano.com\/index.php?rest_route=%2Fwp%2Fv2%2Ftags&post=238381"}],"curies":[{"name":"wp","href":"https:\/\/api.w.org\/{rel}","templated":true}]}}