{"id":237937,"date":"2020-11-25T16:55:59","date_gmt":"2020-11-25T16:55:59","guid":{"rendered":"http:\/\/diariodominicano.ddns.net\/?p=237937"},"modified":"2020-11-25T16:55:59","modified_gmt":"2020-11-25T16:55:59","slug":"cepal-pide-actuar-para-erradicar-la-violencia-de-genero-en-america-latina","status":"publish","type":"post","link":"https:\/\/diariodominicano.com\/?p=237937","title":{"rendered":"CEPAL pide actuar para erradicar la violencia de g\u00e9nero en Am\u00e9rica Latina"},"content":{"rendered":"<p><body><\/p>\n<p><img decoding=\"async\" src=\"img3\/Cepal25-11-20.jpg\" \/>  <\/p>\n<p><span class=\"text1noticias\"> diariodominicano.com<\/span><\/p>\n<p><span class=\"text1noticias\">   SANTIAGO, 25 nov (Xinhua) &#8212; La Comisi\u00f3n Econ\u00f3mica para Am\u00e9rica Latina y el Caribe (CEPAL) manifest\u00f3 su preocupaci\u00f3n por la persistencia de la violencia en contra de las mujeres en la regi\u00f3n y las altas tasas de feminicidios, en el marco del D\u00eda Internacional de la Eliminaci\u00f3n de la Violencia contra las Mujeres que se celebra el 25 de noviembre.<\/span><\/p>\n<\/p>\n<p><span class=\"text1noticias\">   En 2019, se registraron 4.640 casos de feminicidio en 24 pa\u00edses de la regi\u00f3n (18 latinoamericanos y seis caribe\u00f1os), seg\u00fan datos reportados al Observatorio de Igualdad de G\u00e9nero de Am\u00e9rica Latina y el Caribe de la CEPAL.<\/span><\/p>\n<\/p>\n<p><span class=\"text1noticias\">   El organismo se\u00f1al\u00f3 en un comunicado fechado el martes que a esta situaci\u00f3n se suma que la violencia de g\u00e9nero ha empeorado en los pa\u00edses latinoamericanos por el confinamiento y las restricciones de movilidad para enfrentar la pandemia del nuevo coronavirus, que limitaron el acceso de las mujeres a redes de apoyo y servicios de atenci\u00f3n.<\/span><\/p>\n<\/p>\n<p><span class=\"text1noticias\">   \u00abLa violencia de g\u00e9nero ocurre de forma sistem\u00e1tica en nuestra regi\u00f3n. No conoce fronteras, afecta a mujeres y ni\u00f1as de todas las edades y sucede en todos los espacios\u00bb, se\u00f1al\u00f3 en el comunicado la secretaria ejecutiva de la CEPAL, Alicia B\u00e1rcena.<\/span><\/p>\n<\/p>\n<p><span class=\"text1noticias\">   Detall\u00f3 que esta violencia sistem\u00e1tica se presenta \u00aben los lugares de trabajo, en el marco de la participaci\u00f3n pol\u00edtica y comunitaria, en el transporte y en la calle, en la escuela y en los centros educativos, en el ciberespacio y, sin duda, en los propios hogares\u00bb.<\/span><\/p>\n<\/p>\n<p><span class=\"text1noticias\">   \u00abEs lo que en el sistema de las Naciones Unidas (ONU) hemos llamado una &#8216;pandemia en la sombra'\u00bb, a\u00f1adi\u00f3 B\u00e1rcena.<\/span><\/p>\n<\/p>\n<p><span class=\"text1noticias\">   Entre el 60 y el 76 por ciento de las mujeres ha sido v\u00edctima de violencia por razones de g\u00e9nero en distintos \u00e1mbitos de su vida, seg\u00fan encuestas de pa\u00edses de la regi\u00f3n dadas a conocer por la CEPAL.<\/span><\/p>\n<\/p>\n<p><span class=\"text1noticias\">   Una de cada tres mujeres en promedio ha sido adem\u00e1s v\u00edctima o vive violencia f\u00edsica, psicol\u00f3gica o sexual, por parte de alguien que era o es su pareja, lo que conlleva el riesgo de la violencia letal.<\/span><\/p>\n<p><span class=\"text1noticias\">   \u00abNuestro mensaje es contundente: la violencia contra las mujeres, sin importar el lugar en que ocurra, es inaceptable\u00bb, expres\u00f3 la secretaria ejecutiva de la CEPAL.<\/span><\/p>\n<\/p>\n<p><span class=\"text1noticias\">   \u00abLas m\u00faltiples manifestaciones de violencia que sufren las mujeres, y el feminicidio como su m\u00e1xima expresi\u00f3n, son prevenibles. Necesitamos a todas y todos para que este cambio ocurra\u00bb, remarc\u00f3.<\/span><\/p>\n<\/p>\n<p><span class=\"text1noticias\">   B\u00e1rcena inst\u00f3 a los pa\u00edses a orientar sus estrategias y seguir las recomendaciones del secretario general de la ONU, Ant\u00f3nio Guterres, en el marco de la Campa\u00f1a UNETE, que promueve \u00abel financiamiento, la prevenci\u00f3n, la respuesta y la recopilaci\u00f3n de datos\u00bb para abordar esta otra \u00abpandemia\u00bb.<\/span><\/p>\n<\/p>\n<p><span class=\"text1noticias\">   La CEPAL indic\u00f3 con base en estos antecedentes, que \u00abla gran cantidad de denuncias en l\u00edneas remotas y de forma presencial exige fortalecer la acci\u00f3n p\u00fablica con aumento de recursos fiscales y medidas que garanticen la atenci\u00f3n integral en servicios sociales y acceso a la justicia a trav\u00e9s de canales activos y expeditos\u00bb.<\/span><\/p>\n<\/p>\n<p><span class=\"text1noticias\">   \u00abPara superar la violencia por razones de g\u00e9nero contra las mujeres y las ni\u00f1as se requiere de pol\u00edticas que aborden los nudos estructurales de la desigualdad, principalmente los derivados de los patrones culturales patriarcales discriminatorios y violentos\u00bb, agreg\u00f3.<\/span><\/p>\n<\/p>\n<p><span class=\"text1noticias\">   La instancia multilateral urgi\u00f3 tambi\u00e9n \u00abavanzar en forma integral y acelerada\u00bb en la garant\u00eda de los derechos y la autonom\u00eda de las mujeres, \u00aben sus dimensiones econ\u00f3mica, f\u00edsica y en la toma de decisiones\u00bb<\/span>. <\/p>\n<h6> 2020-11-25 16:55:59 <\/h6>\n<p><!--\n<link rel=\"stylesheet\" href=\"css\/bootstrap.min.css\">\n\n\n<ul class=\"pagination\">\n\t    \n\t\n\n<li >\n\t<a href='?page_no=33'>Previous<\/a>\n\t<\/li>\n\n\n       \n    \n\n<li><a href='?page_no=1'>1<\/a><\/li>\n\n\n\n<li><a href='?page_no=2'>2<\/a><\/li>\n\n\n\n<li><a>...<\/a><\/li>\n\n\n\n<li><a href='?page_no=32'>32<\/a><\/li>\n\n\n\n<li><a href='?page_no=33'>33<\/a><\/li>\n\n\n\n<li class='active'><a>34<\/a><\/li>\n\n\n\n<li><a href='?page_no=35'>35<\/a><\/li>\n\n\n\n<li><a href='?page_no=36'>36<\/a><\/li>\n\n\n\n<li><a>...<\/a><\/li>\n\n\n\n<li><a href='?page_no=51012'>51012<\/a><\/li>\n\n\n\n<li><a href='?page_no=51013'>51013<\/a><\/li>\n\n    \n\t\n\n<li >\n\t<a href='?page_no=35'>Next<\/a>\n\t<\/li>\n\n\n    \n\n<li><a href='?page_no=51013'>Last &rsaquo;&rsaquo;<\/a><\/li>\n\n<\/ul>\n\n\n--><br \/>\n<\/body><\/p>\n","protected":false},"excerpt":{"rendered":"<p>diariodominicano.com SANTIAGO, 25 nov (Xinhua) &#8212; La Comisi\u00f3n Econ\u00f3mica para Am\u00e9rica Latina y el Caribe (CEPAL) manifest\u00f3 su preocupaci\u00f3n por la persistencia de la violencia en contra de las mujeres en la regi\u00f3n y las altas tasas de feminicidios, en el marco del D\u00eda Internacional de la Eliminaci\u00f3n de la Violencia contra las Mujeres que [&hellip;]<\/p>\n","protected":false},"author":3,"featured_media":0,"comment_status":"open","ping_status":"open","sticky":false,"template":"","format":"standard","meta":{"footnotes":""},"categories":[23],"tags":[],"class_list":["post-237937","post","type-post","status-publish","format-standard","hentry","category-internacional"],"_links":{"self":[{"href":"https:\/\/diariodominicano.com\/index.php?rest_route=\/wp\/v2\/posts\/237937","targetHints":{"allow":["GET"]}}],"collection":[{"href":"https:\/\/diariodominicano.com\/index.php?rest_route=\/wp\/v2\/posts"}],"about":[{"href":"https:\/\/diariodominicano.com\/index.php?rest_route=\/wp\/v2\/types\/post"}],"author":[{"embeddable":true,"href":"https:\/\/diariodominicano.com\/index.php?rest_route=\/wp\/v2\/users\/3"}],"replies":[{"embeddable":true,"href":"https:\/\/diariodominicano.com\/index.php?rest_route=%2Fwp%2Fv2%2Fcomments&post=237937"}],"version-history":[{"count":0,"href":"https:\/\/diariodominicano.com\/index.php?rest_route=\/wp\/v2\/posts\/237937\/revisions"}],"wp:attachment":[{"href":"https:\/\/diariodominicano.com\/index.php?rest_route=%2Fwp%2Fv2%2Fmedia&parent=237937"}],"wp:term":[{"taxonomy":"category","embeddable":true,"href":"https:\/\/diariodominicano.com\/index.php?rest_route=%2Fwp%2Fv2%2Fcategories&post=237937"},{"taxonomy":"post_tag","embeddable":true,"href":"https:\/\/diariodominicano.com\/index.php?rest_route=%2Fwp%2Fv2%2Ftags&post=237937"}],"curies":[{"name":"wp","href":"https:\/\/api.w.org\/{rel}","templated":true}]}}