{"id":237492,"date":"2020-11-30T21:25:00","date_gmt":"2020-11-30T21:25:00","guid":{"rendered":"http:\/\/diariodominicano.ddns.net\/?p=237492"},"modified":"2020-11-30T21:25:00","modified_gmt":"2020-11-30T21:25:00","slug":"sismo-de-63-grados-se-registra-en-norte-de-chile","status":"publish","type":"post","link":"https:\/\/diariodominicano.com\/?p=237492","title":{"rendered":"&#13;Sismo de 6,3 grados se registra en norte de Chile"},"content":{"rendered":"<p><body><\/p>\n<p><span class=\"text1noticias\">diariodominicano.com<\/span><\/p>\n<p><span class=\"text1noticias\"> <\/span><\/p>\n<p><span class=\"text1noticias\">   SANTIAGO, 30 nov (Xinhua) &#8212; Un sismo de magnitud 6,3 en la escala de Richter se registr\u00f3 hoy lunes en la regi\u00f3n de Antofagasta, en la zona norte de Chile, sin que de momento se reporten v\u00edctimas ni da\u00f1os materiales, inform\u00f3 el Centro Sismol\u00f3gico Nacional de la Universidad de Chile.<\/span><\/p>\n<\/p>\n<p><span class=\"text1noticias\">   La instituci\u00f3n detall\u00f3 que el movimiento tel\u00farico se sinti\u00f3 a las 19:55 hora local (22:55 GMT) y su epicentro se localiz\u00f3 a 85 kil\u00f3metros al sureste de la localidad de Socaire, ubicada a unos 3.500 metros por sobre el nivel del mar.<\/span><\/p>\n<\/p>\n<p><span class=\"text1noticias\">   El temblor tuvo una profundidad de 213,2 kil\u00f3metros y fue percibido en las regiones aleda\u00f1as de Atacama y Tarapac\u00e1.<\/span><\/p>\n<\/p>\n<p><span class=\"text1noticias\">   Unos minutos despu\u00e9s, a las 20:02 hora local (23:02 GMT), otro sismo de magnitud 4,7 se report\u00f3 tambi\u00e9n a 108 kil\u00f3metros de la localidad de Socaire, cercana a San Pedro de Atacama.<\/span><\/p>\n<\/p>\n<p><span class=\"text1noticias\">   Tras el movimiento tel\u00farico, la Oficina Nacional de Emergencia del Ministerio del Interior indic\u00f3 de manera preliminar que el sismo no dej\u00f3 da\u00f1os a personas ni a infraestructuras.<\/span><\/p>\n<\/p>\n<p><span class=\"text1noticias\">   Asentado sobre el llamado Cintur\u00f3n de Fuego del Pac\u00edfico, Chile es considerado uno de los pa\u00edses m\u00e1s s\u00edsmicos del planeta. Fi<\/span>n<\/p>\n<\/p>\n<h6> 2020-11-30 21:25:00 <\/h6>\n<p><!--\n<link rel=\"stylesheet\" href=\"css\/bootstrap.min.css\">\n\n\n<ul class=\"pagination\">\n\t    \n\t\n\n<li >\n\t<a href='?page_no=2'>Previous<\/a>\n\t<\/li>\n\n\n       \n    \n\n<li><a href='?page_no=1'>1<\/a><\/li>\n\n\n\n<li><a href='?page_no=2'>2<\/a><\/li>\n\n\n\n<li class='active'><a>3<\/a><\/li>\n\n\n\n<li><a href='?page_no=4'>4<\/a><\/li>\n\n\n\n<li><a href='?page_no=5'>5<\/a><\/li>\n\n\n\n<li><a href='?page_no=6'>6<\/a><\/li>\n\n\n\n<li><a href='?page_no=7'>7<\/a><\/li>\n\n\n\n<li><a>...<\/a><\/li>\n\n\n\n<li><a href='?page_no=51012'>51012<\/a><\/li>\n\n\n\n<li><a href='?page_no=51013'>51013<\/a><\/li>\n\n    \n\t\n\n<li >\n\t<a href='?page_no=4'>Next<\/a>\n\t<\/li>\n\n\n    \n\n<li><a href='?page_no=51013'>Last &rsaquo;&rsaquo;<\/a><\/li>\n\n<\/ul>\n\n\n--><br \/>\n<\/body><\/p>\n","protected":false},"excerpt":{"rendered":"<p>diariodominicano.com SANTIAGO, 30 nov (Xinhua) &#8212; Un sismo de magnitud 6,3 en la escala de Richter se registr\u00f3 hoy lunes en la regi\u00f3n de Antofagasta, en la zona norte de Chile, sin que de momento se reporten v\u00edctimas ni da\u00f1os materiales, inform\u00f3 el Centro Sismol\u00f3gico Nacional de la Universidad de Chile. La instituci\u00f3n detall\u00f3 que [&hellip;]<\/p>\n","protected":false},"author":3,"featured_media":0,"comment_status":"open","ping_status":"open","sticky":false,"template":"","format":"standard","meta":{"footnotes":""},"categories":[23],"tags":[],"class_list":["post-237492","post","type-post","status-publish","format-standard","hentry","category-internacional"],"_links":{"self":[{"href":"https:\/\/diariodominicano.com\/index.php?rest_route=\/wp\/v2\/posts\/237492","targetHints":{"allow":["GET"]}}],"collection":[{"href":"https:\/\/diariodominicano.com\/index.php?rest_route=\/wp\/v2\/posts"}],"about":[{"href":"https:\/\/diariodominicano.com\/index.php?rest_route=\/wp\/v2\/types\/post"}],"author":[{"embeddable":true,"href":"https:\/\/diariodominicano.com\/index.php?rest_route=\/wp\/v2\/users\/3"}],"replies":[{"embeddable":true,"href":"https:\/\/diariodominicano.com\/index.php?rest_route=%2Fwp%2Fv2%2Fcomments&post=237492"}],"version-history":[{"count":0,"href":"https:\/\/diariodominicano.com\/index.php?rest_route=\/wp\/v2\/posts\/237492\/revisions"}],"wp:attachment":[{"href":"https:\/\/diariodominicano.com\/index.php?rest_route=%2Fwp%2Fv2%2Fmedia&parent=237492"}],"wp:term":[{"taxonomy":"category","embeddable":true,"href":"https:\/\/diariodominicano.com\/index.php?rest_route=%2Fwp%2Fv2%2Fcategories&post=237492"},{"taxonomy":"post_tag","embeddable":true,"href":"https:\/\/diariodominicano.com\/index.php?rest_route=%2Fwp%2Fv2%2Ftags&post=237492"}],"curies":[{"name":"wp","href":"https:\/\/api.w.org\/{rel}","templated":true}]}}