{"id":237270,"date":"2020-11-26T11:00:20","date_gmt":"2020-11-26T11:00:20","guid":{"rendered":"http:\/\/diariodominicano.ddns.net\/?p=237270"},"modified":"2020-11-26T11:00:20","modified_gmt":"2020-11-26T11:00:20","slug":"abogado-de-maradona-pide-investigar-su-muerte-hasta-ultimas-consecuencias","status":"publish","type":"post","link":"https:\/\/diariodominicano.com\/?p=237270","title":{"rendered":"&#13;Abogado de Maradona pide investigar su muerte hasta \u00faltimas \u00abconsecuencias\u00bb"},"content":{"rendered":"<p><body><\/p>\n<p><img decoding=\"async\" src=\"img3\/maradona26-11-20.jpg\" \/>  <\/p>\n<p><span class=\"text1noticias\">diariodominicano.com  <\/span><\/p>\n<p><span class=\"text1noticias\">   BUENOS AIRES, 26 nov (Xinhua) &#8212; El abogado Mat\u00edas Morla, mano derecha del fallecido ex astro argentino de f\u00fatbol, Diego Armando Maradona, afirm\u00f3 hoy que pedir\u00e1 \u00abque se investigue\u00bb la muerte del ex futbolista \u00abhasta el final de las consecuencias\u00bb.<\/span><\/p>\n<p><span class=\"text1noticias\"> <\/span><\/p>\n<p><span class=\"text1noticias\">   \u00abHoy es un d\u00eda de profundo dolor, tristeza y reflexi\u00f3n. Siento en mi coraz\u00f3n la partida de mi amigo a quien honr\u00e9 con mi lealtad y acompa\u00f1amiento hasta el \u00faltimo de sus d\u00edas\u00bb, escribi\u00f3 Morla este jueves en redes sociales.<\/span><\/p>\n<p><span class=\"text1noticias\"> <\/span><\/p>\n<p><span class=\"text1noticias\">   \u00abMi despedida la hice con \u00e9l en persona y el velatorio debe ser un momento \u00edntimo y familiar\u00bb, agreg\u00f3.<\/span><\/p>\n<p><span class=\"text1noticias\"> <\/span><\/p>\n<p><span class=\"text1noticias\">   Morla se refiri\u00f3 tambi\u00e9n al informe de la Fiscal\u00eda de San Isidro, lugar donde muri\u00f3 Maradona, al se\u00f1alar que \u00abes inexplicable que durante 12 horas mi amigo no haya tenido atenci\u00f3n ni control por parte del personal de la salud abocado a esos fines\u00bb.<\/span><\/p>\n<p><span class=\"text1noticias\"> <\/span><\/p>\n<p><span class=\"text1noticias\">   El defensor, quien hasta el momento no ha asistido al velorio en la Casa Rosada (sede del Ejecutivo) en Buenos Aires, se quej\u00f3 tambi\u00e9n de que \u00abla ambulancia tard\u00f3 m\u00e1s de media hora en llegar\u00bb a la casa donde estaba Maradona, lo que calific\u00f3 como \u00abuna criminal idiotez\u00bb.<\/span><\/p>\n<p><span class=\"text1noticias\"> <\/span><\/p>\n<p><span class=\"text1noticias\">   \u00abEste hecho no debe ser pasado por alto y voy a pedir que se investigue hasta el final de las consecuencias. Como me dec\u00eda Diego: &#8216;vos sos mi soldado, act\u00faa sin piedad'\u00bb, enfatiz\u00f3.<\/span><\/p>\n<p><span class=\"text1noticias\"> <\/span><\/p>\n<p><span class=\"text1noticias\">   Para definir a Maradona en este momento de dolor, el abogado escribi\u00f3: \u00abPuedo decir: fue un buen hijo, fue el mejor jugador de f\u00fatbol de la historia y fue una persona honesta\u00bb.<\/span><\/p>\n<p><span class=\"text1noticias\"> <\/span><\/p>\n<p><span class=\"text1noticias\">   El ex jugador de f\u00fatbol, de 60 a\u00f1os, muri\u00f3 el mi\u00e9rcoles al mediod\u00eda debido a una descompensaci\u00f3n card\u00edaca mientras dorm\u00eda en una casa del barrio de San Andr\u00e9s en Tigre, en la periferia norte de Buenos Aires.<\/span><\/p>\n<p><span class=\"text1noticias\"> <\/span><\/p>\n<p><span class=\"text1noticias\">   Diego Armando hab\u00eda sido trasladado a ese lugar el pasado 11 de noviembre tras ser intervenido quir\u00fargicamente en la Cl\u00ednica Olivos por un hematoma en la superficie cerebral.<\/span><\/p>\n<h6> 2020-11-26 11:00:20 <\/h6>\n<p><!--\n<link rel=\"stylesheet\" href=\"css\/bootstrap.min.css\">\n\n\n<ul class=\"pagination\">\n\t    \n\t\n\n<li >\n\t<a href='?page_no=27'>Previous<\/a>\n\t<\/li>\n\n\n       \n    \n\n<li><a href='?page_no=1'>1<\/a><\/li>\n\n\n\n<li><a href='?page_no=2'>2<\/a><\/li>\n\n\n\n<li><a>...<\/a><\/li>\n\n\n\n<li><a href='?page_no=26'>26<\/a><\/li>\n\n\n\n<li><a href='?page_no=27'>27<\/a><\/li>\n\n\n\n<li class='active'><a>28<\/a><\/li>\n\n\n\n<li><a href='?page_no=29'>29<\/a><\/li>\n\n\n\n<li><a href='?page_no=30'>30<\/a><\/li>\n\n\n\n<li><a>...<\/a><\/li>\n\n\n\n<li><a href='?page_no=51012'>51012<\/a><\/li>\n\n\n\n<li><a href='?page_no=51013'>51013<\/a><\/li>\n\n    \n\t\n\n<li >\n\t<a href='?page_no=29'>Next<\/a>\n\t<\/li>\n\n\n    \n\n<li><a href='?page_no=51013'>Last &rsaquo;&rsaquo;<\/a><\/li>\n\n<\/ul>\n\n\n--><br \/>\n<\/body><\/p>\n","protected":false},"excerpt":{"rendered":"<p>diariodominicano.com BUENOS AIRES, 26 nov (Xinhua) &#8212; El abogado Mat\u00edas Morla, mano derecha del fallecido ex astro argentino de f\u00fatbol, Diego Armando Maradona, afirm\u00f3 hoy que pedir\u00e1 \u00abque se investigue\u00bb la muerte del ex futbolista \u00abhasta el final de las consecuencias\u00bb. \u00abHoy es un d\u00eda de profundo dolor, tristeza y reflexi\u00f3n. Siento en mi coraz\u00f3n [&hellip;]<\/p>\n","protected":false},"author":3,"featured_media":0,"comment_status":"open","ping_status":"open","sticky":false,"template":"","format":"standard","meta":{"footnotes":""},"categories":[23],"tags":[],"class_list":["post-237270","post","type-post","status-publish","format-standard","hentry","category-internacional"],"_links":{"self":[{"href":"https:\/\/diariodominicano.com\/index.php?rest_route=\/wp\/v2\/posts\/237270","targetHints":{"allow":["GET"]}}],"collection":[{"href":"https:\/\/diariodominicano.com\/index.php?rest_route=\/wp\/v2\/posts"}],"about":[{"href":"https:\/\/diariodominicano.com\/index.php?rest_route=\/wp\/v2\/types\/post"}],"author":[{"embeddable":true,"href":"https:\/\/diariodominicano.com\/index.php?rest_route=\/wp\/v2\/users\/3"}],"replies":[{"embeddable":true,"href":"https:\/\/diariodominicano.com\/index.php?rest_route=%2Fwp%2Fv2%2Fcomments&post=237270"}],"version-history":[{"count":0,"href":"https:\/\/diariodominicano.com\/index.php?rest_route=\/wp\/v2\/posts\/237270\/revisions"}],"wp:attachment":[{"href":"https:\/\/diariodominicano.com\/index.php?rest_route=%2Fwp%2Fv2%2Fmedia&parent=237270"}],"wp:term":[{"taxonomy":"category","embeddable":true,"href":"https:\/\/diariodominicano.com\/index.php?rest_route=%2Fwp%2Fv2%2Fcategories&post=237270"},{"taxonomy":"post_tag","embeddable":true,"href":"https:\/\/diariodominicano.com\/index.php?rest_route=%2Fwp%2Fv2%2Ftags&post=237270"}],"curies":[{"name":"wp","href":"https:\/\/api.w.org\/{rel}","templated":true}]}}