{"id":236826,"date":"2020-11-27T12:06:17","date_gmt":"2020-11-27T12:06:17","guid":{"rendered":"http:\/\/diariodominicano.ddns.net\/?p=236826"},"modified":"2020-11-27T12:06:17","modified_gmt":"2020-11-27T12:06:17","slug":"tesla-retira-870-vehiculos-en-china","status":"publish","type":"post","link":"https:\/\/diariodominicano.com\/?p=236826","title":{"rendered":"Tesla retira 870 veh\u00edculos en China"},"content":{"rendered":"<p><body><\/p>\n<p><img decoding=\"async\" src=\"img3\/Tesla27-11-20.jpg\" \/>  <\/p>\n<p><span class=\"text1noticias\">diariodominicano.com<\/span><\/p>\n<p><span class=\"text1noticias\"> <\/span><\/p>\n<p><span class=\"text1noticias\">BEIJING, 27 nov (Xinhua) &#8212; El fabricante estadounidense de veh\u00edculos el\u00e9ctricos Tesla ha anunciado la retirada de 870 veh\u00edculos en China, citando que las piezas defectuosas podr\u00edan aumentar el riesgo de accidentes, inform\u00f3 hoy viernes la  Administraci\u00f3n Estatal para la Regulaci\u00f3n del Mercado de China.<\/span><\/p>\n<p><span class=\"text1noticias\"> <\/span><\/p>\n<p><span class=\"text1noticias\">La retirada incluye algunos autom\u00f3viles importados Model X fabricados entre 16 de marzo de 2016 y el 31 de julio del mismo a\u00f1o, seg\u00fan un comunicado de la administraci\u00f3n.<\/span><\/p>\n<p><span class=\"text1noticias\"> <\/span><\/p>\n<p><span class=\"text1noticias\">El fabricante estadounidense prometi\u00f3 realizar pruebas en los veh\u00edculos retirados y reemplazar las piezas defectuosas gratuitamente, al tiempo que aconseja a los usuarios que conduzcan con cuidado antes de reparar sus autom\u00f3v<\/span>iles.<\/p>\n<\/p>\n<p><span class=\"text1noticias\">(Multimedia) <\/span><\/p>\n<p><span class=\"text1noticias\">Visitantes observan un Modelo X de Tesla durante la segunda Exposici\u00f3n Internacional de Importaciones de China (CIIE, siglas en ingl\u00e9s), en Shanghai, este de China, el 6 de noviembre de 2019. (Xinhua\/Ding Ting)<\/span><\/p>\n<h6> 2020-11-27 12:06:17 <\/h6>\n<p><!--\n<link rel=\"stylesheet\" href=\"css\/bootstrap.min.css\">\n\n\n<ul class=\"pagination\">\n\t    \n\t\n\n<li >\n\t<a href='?page_no=23'>Previous<\/a>\n\t<\/li>\n\n\n       \n    \n\n<li><a href='?page_no=1'>1<\/a><\/li>\n\n\n\n<li><a href='?page_no=2'>2<\/a><\/li>\n\n\n\n<li><a>...<\/a><\/li>\n\n\n\n<li><a href='?page_no=22'>22<\/a><\/li>\n\n\n\n<li><a href='?page_no=23'>23<\/a><\/li>\n\n\n\n<li class='active'><a>24<\/a><\/li>\n\n\n\n<li><a href='?page_no=25'>25<\/a><\/li>\n\n\n\n<li><a href='?page_no=26'>26<\/a><\/li>\n\n\n\n<li><a>...<\/a><\/li>\n\n\n\n<li><a href='?page_no=51012'>51012<\/a><\/li>\n\n\n\n<li><a href='?page_no=51013'>51013<\/a><\/li>\n\n    \n\t\n\n<li >\n\t<a href='?page_no=25'>Next<\/a>\n\t<\/li>\n\n\n    \n\n<li><a href='?page_no=51013'>Last &rsaquo;&rsaquo;<\/a><\/li>\n\n<\/ul>\n\n\n--><br \/>\n<\/body><\/p>\n","protected":false},"excerpt":{"rendered":"<p>diariodominicano.com BEIJING, 27 nov (Xinhua) &#8212; El fabricante estadounidense de veh\u00edculos el\u00e9ctricos Tesla ha anunciado la retirada de 870 veh\u00edculos en China, citando que las piezas defectuosas podr\u00edan aumentar el riesgo de accidentes, inform\u00f3 hoy viernes la Administraci\u00f3n Estatal para la Regulaci\u00f3n del Mercado de China. La retirada incluye algunos autom\u00f3viles importados Model X fabricados [&hellip;]<\/p>\n","protected":false},"author":3,"featured_media":0,"comment_status":"open","ping_status":"open","sticky":false,"template":"","format":"standard","meta":{"footnotes":""},"categories":[23],"tags":[],"class_list":["post-236826","post","type-post","status-publish","format-standard","hentry","category-internacional"],"_links":{"self":[{"href":"https:\/\/diariodominicano.com\/index.php?rest_route=\/wp\/v2\/posts\/236826","targetHints":{"allow":["GET"]}}],"collection":[{"href":"https:\/\/diariodominicano.com\/index.php?rest_route=\/wp\/v2\/posts"}],"about":[{"href":"https:\/\/diariodominicano.com\/index.php?rest_route=\/wp\/v2\/types\/post"}],"author":[{"embeddable":true,"href":"https:\/\/diariodominicano.com\/index.php?rest_route=\/wp\/v2\/users\/3"}],"replies":[{"embeddable":true,"href":"https:\/\/diariodominicano.com\/index.php?rest_route=%2Fwp%2Fv2%2Fcomments&post=236826"}],"version-history":[{"count":0,"href":"https:\/\/diariodominicano.com\/index.php?rest_route=\/wp\/v2\/posts\/236826\/revisions"}],"wp:attachment":[{"href":"https:\/\/diariodominicano.com\/index.php?rest_route=%2Fwp%2Fv2%2Fmedia&parent=236826"}],"wp:term":[{"taxonomy":"category","embeddable":true,"href":"https:\/\/diariodominicano.com\/index.php?rest_route=%2Fwp%2Fv2%2Fcategories&post=236826"},{"taxonomy":"post_tag","embeddable":true,"href":"https:\/\/diariodominicano.com\/index.php?rest_route=%2Fwp%2Fv2%2Ftags&post=236826"}],"curies":[{"name":"wp","href":"https:\/\/api.w.org\/{rel}","templated":true}]}}