{"id":236604,"date":"2020-11-27T12:34:27","date_gmt":"2020-11-27T12:34:27","guid":{"rendered":"http:\/\/diariodominicano.ddns.net\/?p=236604"},"modified":"2020-11-27T12:34:27","modified_gmt":"2020-11-27T12:34:27","slug":"casos-de-covid-19-en-alemania-superan-el-millon","status":"publish","type":"post","link":"https:\/\/diariodominicano.com\/?p=236604","title":{"rendered":"Casos de COVID-19 en Alemania superan el mill\u00f3n"},"content":{"rendered":"<p><body><\/p>\n<p><img decoding=\"async\" src=\"img3\/Berlin27-11-20.jpg\" \/>  <\/p>\n<p><span class=\"text1noticias\">diariodominicano.com<\/span><\/p>\n<p><span class=\"text1noticias\">BERL\u00cdN, 27 nov (Xinhua) &#8212; Los casos de COVID-19 en Alemania superaron el mill\u00f3n luego de los 22.806 nuevos contagios reportados en un solo d\u00eda, inform\u00f3 hoy el Instituto Robert Koch (IRK).<\/span><\/p>\n<p><span class=\"text1noticias\"> <\/span><\/p>\n<p><span class=\"text1noticias\">El n\u00famero de decesos diarios por la enfermedad sigue subiendo y alcanz\u00f3 la nueva cifra r\u00e9cord de 426 para llegar a un total de 15.686 fallecimientos, indic\u00f3 el IRK, la agencia gubernamental federal para el control y prevenci\u00f3n de enfermedades.<\/span><\/p>\n<p><span class=\"text1noticias\"> <\/span><\/p>\n<p><span class=\"text1noticias\">El n\u00famero de pacientes con COVID-19 en unidades de terapia intensiva \u00absubi\u00f3 dr\u00e1sticamente\u00bb de 655 pacientes a mediados de octubre a 3.395, dijo el IRK. Las cifras siguen subiendo pero la din\u00e1mica se ha desacelerado ligeramente.<\/span><\/p>\n<p><span class=\"text1noticias\"> <\/span><\/p>\n<p><span class=\"text1noticias\">Debido al incremento observado en la transmisi\u00f3n, la poblaci\u00f3n alemana debe \u00abcomprometerse con la prevenci\u00f3n y el control de la infecci\u00f3n\u00bb, dijo el instituto en su m\u00e1s reciente reporte diario.<\/span><\/p>\n<p><span class=\"text1noticias\"> <\/span><\/p>\n<p><span class=\"text1noticias\">\u00abSin lugar a dudas, tenemos ante nosotros m\u00e1s meses dif\u00edciles\u00bb, dijo el jueves la canciller alemana Angela Merkel en un discurso pronunciado en el Bundestag. Durante la pandemia de COVID-19, \u00abtodos y cada uno de nosotros puede contribuir activamente para que podamos superar bien este periodo\u00bb.<\/span><\/p>\n<p><span class=\"text1noticias\"> <\/span><\/p>\n<p><span class=\"text1noticias\">Debido al aumento en las tasas de contagio de COVID-19 en el pa\u00eds, los gobiernos federal y estatales ampliaron un confinamiento parcial, incluyendo el cierre de restaurantes, bares, teatros y sitios recreativos, hasta el 20 de diciembre.<\/span><\/p>\n<p><span class=\"text1noticias\"> <\/span><\/p>\n<p><span class=\"text1noticias\">El Gobierno alem\u00e1n est\u00e1 tratando de reducir el n\u00famero de contagios por COVID-19 hasta el punto en el que las autoridades de salud locales puedan una vez m\u00e1s rastrear y romper las cadenas de infecci\u00f3n. Con este fin, se debe llegar a una incidencia de menos de 50 por cada 100.000 habitantes en siete d\u00edas.<\/span><\/p>\n<p><span class=\"text1noticias\"> <\/span><\/p>\n<p><span class=\"text1noticias\">La tasa de incidencia nacional promedio de siete d\u00edas en Alemania fue de 138 el jueves. De acuerdo con el IRK, 20 distritos mostraron una tasa de incidencia  de entre 250 y 500 y uno tuvo una tasa de incidencia de siete d\u00eda<\/span>s de 629. <\/p>\n<\/p>\n<p><span class=\"text1noticias\">(Multimedia)  <\/span><\/p>\n<p><span class=\"text1noticias\">Personas portan mascarillas mientras caminan en M\u00fanich, Alemania, el 13 de noviembre de 2020. (Xinhua\/Kevin Voigt) <\/span><\/p>\n<h6> 2020-11-27 12:34:27 <\/h6>\n<p><!--\n<link rel=\"stylesheet\" href=\"css\/bootstrap.min.css\">\n\n\n<ul class=\"pagination\">\n\t    \n\t\n\n<li >\n\t<a href='?page_no=21'>Previous<\/a>\n\t<\/li>\n\n\n       \n    \n\n<li><a href='?page_no=1'>1<\/a><\/li>\n\n\n\n<li><a href='?page_no=2'>2<\/a><\/li>\n\n\n\n<li><a>...<\/a><\/li>\n\n\n\n<li><a href='?page_no=20'>20<\/a><\/li>\n\n\n\n<li><a href='?page_no=21'>21<\/a><\/li>\n\n\n\n<li class='active'><a>22<\/a><\/li>\n\n\n\n<li><a href='?page_no=23'>23<\/a><\/li>\n\n\n\n<li><a href='?page_no=24'>24<\/a><\/li>\n\n\n\n<li><a>...<\/a><\/li>\n\n\n\n<li><a href='?page_no=51012'>51012<\/a><\/li>\n\n\n\n<li><a href='?page_no=51013'>51013<\/a><\/li>\n\n    \n\t\n\n<li >\n\t<a href='?page_no=23'>Next<\/a>\n\t<\/li>\n\n\n    \n\n<li><a href='?page_no=51013'>Last &rsaquo;&rsaquo;<\/a><\/li>\n\n<\/ul>\n\n\n--><br \/>\n<\/body><\/p>\n","protected":false},"excerpt":{"rendered":"<p>diariodominicano.com BERL\u00cdN, 27 nov (Xinhua) &#8212; Los casos de COVID-19 en Alemania superaron el mill\u00f3n luego de los 22.806 nuevos contagios reportados en un solo d\u00eda, inform\u00f3 hoy el Instituto Robert Koch (IRK). El n\u00famero de decesos diarios por la enfermedad sigue subiendo y alcanz\u00f3 la nueva cifra r\u00e9cord de 426 para llegar a un [&hellip;]<\/p>\n","protected":false},"author":3,"featured_media":0,"comment_status":"open","ping_status":"open","sticky":false,"template":"","format":"standard","meta":{"footnotes":""},"categories":[23],"tags":[],"class_list":["post-236604","post","type-post","status-publish","format-standard","hentry","category-internacional"],"_links":{"self":[{"href":"https:\/\/diariodominicano.com\/index.php?rest_route=\/wp\/v2\/posts\/236604","targetHints":{"allow":["GET"]}}],"collection":[{"href":"https:\/\/diariodominicano.com\/index.php?rest_route=\/wp\/v2\/posts"}],"about":[{"href":"https:\/\/diariodominicano.com\/index.php?rest_route=\/wp\/v2\/types\/post"}],"author":[{"embeddable":true,"href":"https:\/\/diariodominicano.com\/index.php?rest_route=\/wp\/v2\/users\/3"}],"replies":[{"embeddable":true,"href":"https:\/\/diariodominicano.com\/index.php?rest_route=%2Fwp%2Fv2%2Fcomments&post=236604"}],"version-history":[{"count":0,"href":"https:\/\/diariodominicano.com\/index.php?rest_route=\/wp\/v2\/posts\/236604\/revisions"}],"wp:attachment":[{"href":"https:\/\/diariodominicano.com\/index.php?rest_route=%2Fwp%2Fv2%2Fmedia&parent=236604"}],"wp:term":[{"taxonomy":"category","embeddable":true,"href":"https:\/\/diariodominicano.com\/index.php?rest_route=%2Fwp%2Fv2%2Fcategories&post=236604"},{"taxonomy":"post_tag","embeddable":true,"href":"https:\/\/diariodominicano.com\/index.php?rest_route=%2Fwp%2Fv2%2Ftags&post=236604"}],"curies":[{"name":"wp","href":"https:\/\/api.w.org\/{rel}","templated":true}]}}