{"id":236493,"date":"2020-11-27T12:46:00","date_gmt":"2020-11-27T12:46:00","guid":{"rendered":"http:\/\/diariodominicano.ddns.net\/?p=236493"},"modified":"2020-11-27T12:46:00","modified_gmt":"2020-11-27T12:46:00","slug":"iran-ofrece-detalles-sobre-intercambio-de-prisioneros-trilateral","status":"publish","type":"post","link":"https:\/\/diariodominicano.com\/?p=236493","title":{"rendered":"Ir\u00e1n ofrece detalles sobre intercambio de prisioneros trilateral"},"content":{"rendered":"<p><body><\/p>\n<p> diariodominicano.com<\/p>\n<\/p>\n<p><span class=\"text1noticias\">   TEHER\u00c1N, 27 nov (Xinhua) &#8212; El vice ministro de Relaciones Exteriores de Ir\u00e1n para Asuntos Pol\u00edticos, Abbas Araghchi, elogi\u00f3 hoy viernes los esfuerzos que llevaron a la liberaci\u00f3n de tres iran\u00edes encarcelados en Tailandia y un ciudadano australiano-brit\u00e1nico encarcelado en Ir\u00e1n.<\/span><\/p>\n<\/p>\n<p><span class=\"text1noticias\">  \u00abMe sent\u00ed honrado de dar la bienvenida a los tres compatriotas liberados y a su llegada y luego de una revisi\u00f3n de su salud, se dio la orden de liberar al prisionero australiano\u00bb, dijo Araghchi, citado por la agencia de noticias oficial IRNA.<\/span><\/p>\n<\/p>\n<p><span class=\"text1noticias\">   El funcionario explic\u00f3 que el intercambio fue el resultado de un trabajo diplom\u00e1tico intenso entre Ir\u00e1n, Tailandia y Australia de m\u00e1s de un a\u00f1o, con cientos de horas de consultas.<\/span><\/p>\n<\/p>\n<p><span class=\"text1noticias\">   El intercambio ocurri\u00f3 en el Aeropuerto de Teher\u00e1n, donde los tres iran\u00edes llegaron en un avi\u00f3n privado australiano, a\u00f1adi\u00f3 Araghchi.<\/span><\/p>\n<\/p>\n<p><span class=\"text1noticias\">   De acuerdo con un informe de la televisi\u00f3n estatal de Ir\u00e1n, los prisioneros iran\u00edes fueron arrestados por \u00abtratar de evitar los embargos extraterritoriales\u00bb impuestos contra Ir\u00e1n de forma unilateral por parte de Estados Unidos.<\/span><\/p>\n<p><span class=\"text1noticias\">   Como lo report\u00f3 Press TV, el prisionero australiano fue detenido en septiembre de 2018 y m\u00e1s tarde fue sentenciado a prisi\u00f3n por \u00abespiar para Israel\u00bb. <\/span><\/p>\n<h6> 2020-11-27 12:46:00 <\/h6>\n<p><!--\n<link rel=\"stylesheet\" href=\"css\/bootstrap.min.css\">\n\n\n<ul class=\"pagination\">\n\t    \n\t\n\n<li >\n\t<a href='?page_no=20'>Previous<\/a>\n\t<\/li>\n\n\n       \n    \n\n<li><a href='?page_no=1'>1<\/a><\/li>\n\n\n\n<li><a href='?page_no=2'>2<\/a><\/li>\n\n\n\n<li><a>...<\/a><\/li>\n\n\n\n<li><a href='?page_no=19'>19<\/a><\/li>\n\n\n\n<li><a href='?page_no=20'>20<\/a><\/li>\n\n\n\n<li class='active'><a>21<\/a><\/li>\n\n\n\n<li><a href='?page_no=22'>22<\/a><\/li>\n\n\n\n<li><a href='?page_no=23'>23<\/a><\/li>\n\n\n\n<li><a>...<\/a><\/li>\n\n\n\n<li><a href='?page_no=51012'>51012<\/a><\/li>\n\n\n\n<li><a href='?page_no=51013'>51013<\/a><\/li>\n\n    \n\t\n\n<li >\n\t<a href='?page_no=22'>Next<\/a>\n\t<\/li>\n\n\n    \n\n<li><a href='?page_no=51013'>Last &rsaquo;&rsaquo;<\/a><\/li>\n\n<\/ul>\n\n\n--><br \/>\n<\/body><\/p>\n","protected":false},"excerpt":{"rendered":"<p>diariodominicano.com TEHER\u00c1N, 27 nov (Xinhua) &#8212; El vice ministro de Relaciones Exteriores de Ir\u00e1n para Asuntos Pol\u00edticos, Abbas Araghchi, elogi\u00f3 hoy viernes los esfuerzos que llevaron a la liberaci\u00f3n de tres iran\u00edes encarcelados en Tailandia y un ciudadano australiano-brit\u00e1nico encarcelado en Ir\u00e1n. \u00abMe sent\u00ed honrado de dar la bienvenida a los tres compatriotas liberados y [&hellip;]<\/p>\n","protected":false},"author":3,"featured_media":0,"comment_status":"open","ping_status":"open","sticky":false,"template":"","format":"standard","meta":{"footnotes":""},"categories":[23],"tags":[],"class_list":["post-236493","post","type-post","status-publish","format-standard","hentry","category-internacional"],"_links":{"self":[{"href":"https:\/\/diariodominicano.com\/index.php?rest_route=\/wp\/v2\/posts\/236493","targetHints":{"allow":["GET"]}}],"collection":[{"href":"https:\/\/diariodominicano.com\/index.php?rest_route=\/wp\/v2\/posts"}],"about":[{"href":"https:\/\/diariodominicano.com\/index.php?rest_route=\/wp\/v2\/types\/post"}],"author":[{"embeddable":true,"href":"https:\/\/diariodominicano.com\/index.php?rest_route=\/wp\/v2\/users\/3"}],"replies":[{"embeddable":true,"href":"https:\/\/diariodominicano.com\/index.php?rest_route=%2Fwp%2Fv2%2Fcomments&post=236493"}],"version-history":[{"count":0,"href":"https:\/\/diariodominicano.com\/index.php?rest_route=\/wp\/v2\/posts\/236493\/revisions"}],"wp:attachment":[{"href":"https:\/\/diariodominicano.com\/index.php?rest_route=%2Fwp%2Fv2%2Fmedia&parent=236493"}],"wp:term":[{"taxonomy":"category","embeddable":true,"href":"https:\/\/diariodominicano.com\/index.php?rest_route=%2Fwp%2Fv2%2Fcategories&post=236493"},{"taxonomy":"post_tag","embeddable":true,"href":"https:\/\/diariodominicano.com\/index.php?rest_route=%2Fwp%2Fv2%2Ftags&post=236493"}],"curies":[{"name":"wp","href":"https:\/\/api.w.org\/{rel}","templated":true}]}}