{"id":236382,"date":"2020-11-27T16:13:09","date_gmt":"2020-11-27T16:13:09","guid":{"rendered":"http:\/\/diariodominicano.ddns.net\/?p=236382"},"modified":"2020-11-27T16:13:09","modified_gmt":"2020-11-27T16:13:09","slug":"reino-unido-y-ue-reanudaran-conversaciones-directas-en-londres-luego-de-que-negociador-contrae-covid-19","status":"publish","type":"post","link":"https:\/\/diariodominicano.com\/?p=236382","title":{"rendered":"Reino Unido y UE reanudar\u00e1n conversaciones directas en Londres luego de que negociador contrae COVID-19"},"content":{"rendered":"<p><body><\/p>\n<p><span class=\"text1noticias\"> <\/span>diariodominicano.com<\/p>\n<\/p>\n<p><span class=\"text1noticias\">   LONDRES, 27 nov (Xinhua) &#8211;Reino Unido y la Uni\u00f3n Europea (UE) reanudar\u00e1n el s\u00e1bado conversaciones comerciales directas en Londres, anunci\u00f3 hoy viernes el negociador en jefe del Brexit de Reino Unido, David Frost.<\/span><\/p>\n<\/p>\n<p><span class=\"text1noticias\">  \u00abEspero dar la bienvenida a @michelbarnier (Michel Barnier, negociador en jefe de la UE) y a su equipo en Londres para reanudar las conversaciones directas ma\u00f1ana. Nos alegra que todos est\u00e9n seguros y bien\u00bb, escribi\u00f3 Frost en Twitter.<\/span><\/p>\n<\/p>\n<p><span class=\"text1noticias\">   Su comentario se produce debido a que Reino Unido y la UE suspendieron sus conversaciones en Bruselas, y m\u00e1s tarde las reanudaron virtualmente, despu\u00e9s de que un negociador de la UE dio positivo por COVID-19 la semana pasada.<\/span><\/p>\n<\/p>\n<p><span class=\"text1noticias\">   Las negociaciones se encuentran en una etapa crucial pues el tiempo se est\u00e1 acabando para que ambas partes aseguren un acuerdo antes de que el periodo de transici\u00f3n del Brexit expire a finales de este a\u00f1o.<\/span><\/p>\n<\/p>\n<p><span class=\"text1noticias\">  \u00abEs tarde, pero un acuerdo todav\u00eda es posible y continuaremos conversando hasta que sea claro que no lo es. Pero para que un acuerdo sea posible este debe respetar plenamente la soberan\u00eda de Reino Unido\u00bb, dijo Frost.<\/span><\/p>\n<\/p>\n<p><span class=\"text1noticias\">  \u00abBuscamos alcanzar un acuerdo sobre esta base, y permitir el nuevo inicio de nuestra relaci\u00f3n con la UE, lo cual por nuestra parte siempre hemos buscado. Continuaremos trabajando arduamente para lograrlo porque un acuerdo sobre alguna otra base no es posible\u00bb, escribi\u00f3 Frost en un tuit.<\/span><\/p>\n<\/p>\n<p><span class=\"text1noticias\">   La presidenta de la Comisi\u00f3n Europea, Ursula von der Leyen, advirti\u00f3 el mi\u00e9rcoles que la UE est\u00e1 bien preparada para \u00abun escenario de ausencia de acuerdo\u00bb pues sigue habiendo diferencias cruciales en las conversaciones comerciales sobre el periodo posterior al Brexit con Reino Unido.<\/span><\/p>\n<\/p>\n<p><span class=\"text1noticias\">   En una actualizaci\u00f3n sobre las negociaciones en la plenaria del Parlamento Europeo, Von der Leyen dijo que los pr\u00f3ximos d\u00edas ser\u00e1n \u00abdecisivos\u00bb.<\/span><\/p>\n<\/p>\n<p><span class=\"text1noticias\">  \u00abNo puedo decirles hoy si al final habr\u00e1 un acuerdo\u00bb, dijo, y a\u00f1adi\u00f3 que la UE har\u00e1 todo lo que est\u00e9 en su poder para alcanzar un acuerdo, probablemente de una manera creativa.<\/span><\/p>\n<\/p>\n<p><span class=\"text1noticias\">  Este mes, la presidenta y el primer ministro brit\u00e1nico, Boris Johnson, dijeron luego de una conversaci\u00f3n telef\u00f3nica que ambas partes  \u00abredoblar\u00e1n\u00bb  sus esfuerzos para alcanzar un acuerdo.<\/span><\/p>\n<\/p>\n<p><span class=\"text1noticias\">   Los dos l\u00edderes sostuvieron conversaciones telef\u00f3nicas en varias ocasiones en lugar de discusiones directas debido a la pandemia.<\/span><\/p>\n<\/p>\n<p><span class=\"text1noticias\">   Reino Unido, al igual que pa\u00edses como China, Alemania, Rusia y Estados Unidos est\u00e1n en una carrera contrarreloj para desarrollar y probar vacunas contra el coronavirus.<\/span><\/p>\n<\/p>\n<p><span class=\"text1noticias\">   Reino Unido y la UE comenzaron conversaciones prolongadas y accidentadas sobre el periodo posterior al Brexit en marzo despu\u00e9s de que Reino Unido puso fin a su pertenencia a la UE el 31 de enero y han tratado de asegurar un acuerdo comercial futuro antes de que el periodo de transici\u00f3n para el Brexit expire.<\/span><\/p>\n<\/p>\n<p><span class=\"text1noticias\">   Sigue habiendo divergencias serias en temas como igualdad de condiciones, gobernanza y pesca, entre otros, luego de rondas de conversaciones. F<\/span>in<\/p>\n<h6> 2020-11-27 16:13:09 <\/h6>\n<p><!--\n<link rel=\"stylesheet\" href=\"css\/bootstrap.min.css\">\n\n\n<ul class=\"pagination\">\n\t    \n\t\n\n<li >\n\t<a href='?page_no=19'>Previous<\/a>\n\t<\/li>\n\n\n       \n    \n\n<li><a href='?page_no=1'>1<\/a><\/li>\n\n\n\n<li><a href='?page_no=2'>2<\/a><\/li>\n\n\n\n<li><a>...<\/a><\/li>\n\n\n\n<li><a href='?page_no=18'>18<\/a><\/li>\n\n\n\n<li><a href='?page_no=19'>19<\/a><\/li>\n\n\n\n<li class='active'><a>20<\/a><\/li>\n\n\n\n<li><a href='?page_no=21'>21<\/a><\/li>\n\n\n\n<li><a href='?page_no=22'>22<\/a><\/li>\n\n\n\n<li><a>...<\/a><\/li>\n\n\n\n<li><a href='?page_no=51012'>51012<\/a><\/li>\n\n\n\n<li><a href='?page_no=51013'>51013<\/a><\/li>\n\n    \n\t\n\n<li >\n\t<a href='?page_no=21'>Next<\/a>\n\t<\/li>\n\n\n    \n\n<li><a href='?page_no=51013'>Last &rsaquo;&rsaquo;<\/a><\/li>\n\n<\/ul>\n\n\n--><br \/>\n<\/body><\/p>\n","protected":false},"excerpt":{"rendered":"<p>diariodominicano.com LONDRES, 27 nov (Xinhua) &#8211;Reino Unido y la Uni\u00f3n Europea (UE) reanudar\u00e1n el s\u00e1bado conversaciones comerciales directas en Londres, anunci\u00f3 hoy viernes el negociador en jefe del Brexit de Reino Unido, David Frost. \u00abEspero dar la bienvenida a @michelbarnier (Michel Barnier, negociador en jefe de la UE) y a su equipo en Londres para [&hellip;]<\/p>\n","protected":false},"author":3,"featured_media":0,"comment_status":"open","ping_status":"open","sticky":false,"template":"","format":"standard","meta":{"footnotes":""},"categories":[23],"tags":[],"class_list":["post-236382","post","type-post","status-publish","format-standard","hentry","category-internacional"],"_links":{"self":[{"href":"https:\/\/diariodominicano.com\/index.php?rest_route=\/wp\/v2\/posts\/236382","targetHints":{"allow":["GET"]}}],"collection":[{"href":"https:\/\/diariodominicano.com\/index.php?rest_route=\/wp\/v2\/posts"}],"about":[{"href":"https:\/\/diariodominicano.com\/index.php?rest_route=\/wp\/v2\/types\/post"}],"author":[{"embeddable":true,"href":"https:\/\/diariodominicano.com\/index.php?rest_route=\/wp\/v2\/users\/3"}],"replies":[{"embeddable":true,"href":"https:\/\/diariodominicano.com\/index.php?rest_route=%2Fwp%2Fv2%2Fcomments&post=236382"}],"version-history":[{"count":0,"href":"https:\/\/diariodominicano.com\/index.php?rest_route=\/wp\/v2\/posts\/236382\/revisions"}],"wp:attachment":[{"href":"https:\/\/diariodominicano.com\/index.php?rest_route=%2Fwp%2Fv2%2Fmedia&parent=236382"}],"wp:term":[{"taxonomy":"category","embeddable":true,"href":"https:\/\/diariodominicano.com\/index.php?rest_route=%2Fwp%2Fv2%2Fcategories&post=236382"},{"taxonomy":"post_tag","embeddable":true,"href":"https:\/\/diariodominicano.com\/index.php?rest_route=%2Fwp%2Fv2%2Ftags&post=236382"}],"curies":[{"name":"wp","href":"https:\/\/api.w.org\/{rel}","templated":true}]}}