{"id":236381,"date":"2020-11-30T21:37:18","date_gmt":"2020-11-30T21:37:18","guid":{"rendered":"http:\/\/diariodominicano.ddns.net\/?p=236381"},"modified":"2020-11-30T21:37:18","modified_gmt":"2020-11-30T21:37:18","slug":"otan-y-ucrania-reforzaran-cooperacion-en-seguridad-en-mar-negro","status":"publish","type":"post","link":"https:\/\/diariodominicano.com\/?p=236381","title":{"rendered":"OTAN y Ucrania reforzar\u00e1n cooperaci\u00f3n en seguridad en mar Negro"},"content":{"rendered":"<p><body><\/p>\n<p>diariodominicano.com <\/p>\n<p><span class=\"text1noticias\">   KIEV, 30 nov (Xinhua) &#8212; El secretario general de la Organizaci\u00f3n del Tratado del Atl\u00e1ntico Norte (OTAN), Jens Stoltenberg, dijo que la regi\u00f3n del mar Negro es de suma importancia para la alianza y que cooperar\u00e1n con Ucrania para vigilar la situaci\u00f3n de seguridad, inform\u00f3 hoy la agencia noticiosa Ukrinform.<\/span><\/p>\n<\/p>\n<p><span class=\"text1noticias\">    \u00abLa regi\u00f3n del mar Negro es de importancia estrat\u00e9gica para la OTAN y para todos nuestros aliados. Trabajaremos de cerca con nuestros valiosos socios, Georgia y Ucrania. Por lo tanto, la OTAN mantiene una presencia significativa en la regi\u00f3n del mar Negro y trabajar\u00e1 m\u00e1s estrechamente con Ucrania y Georgia\u00bb , dijo hoy Stoltenberg durante una conferencia de prensa.<\/span><\/p>\n<\/p>\n<p><span class=\"text1noticias\">  Stoltenberg se\u00f1al\u00f3 que la OTAN incrementar\u00e1 el apoyo pol\u00edtico y pr\u00e1ctico para que Ucrania y Georgia fortalezcan la seguridad en la regi\u00f3n del mar Negro.<\/span><\/p>\n<\/p>\n<p><span class=\"text1noticias\">    \u00abDiscutiremos la forma en la que manejaremos juntos estos asuntos el mi\u00e9rcoles, cuando nos reunamos con los ministros de Relaciones Exteriores de los dos pa\u00edses socios\u00bb , a\u00f1adi\u00f3 Stoltenberg.<\/span><\/p>\n<\/p>\n<p><span class=\"text1noticias\">   A inicios de este mes, el destructor de misiles USS Donald Cook realiz\u00f3 patrullajes en el mar Negro como parte de una misi\u00f3n de la OTAN, el s\u00e9ptimo viaje de un buque de guerra estadounidense a estas aguas en este a\u00f1o.<\/span><\/p>\n<\/p>\n<p><span class=\"text1noticias\">   Buques de la Armada de Estados Unidos patrullan con regularidad estas aguas para apoyar a sus aliados de la OTAN Turqu\u00eda, Bulgaria y Rumania, y a sus socios Ucrania y Georgia.<\/span><\/p>\n<\/p>\n<p><span class=\"text1noticias\">   Ucrania revoc\u00f3 su estatus de no alineado e inici\u00f3 una trayectoria de acercamiento a la OTAN en 2014. En febrero de 2019, el Parlamento ucraniano aprob\u00f3 una enmienda constitucional que declara su compromiso de unirse a la OTAN y a la Uni\u00f3n Europea. <\/span><\/p>\n<h6> 2020-11-30 21:37:18 <\/h6>\n<p><!--\n<link rel=\"stylesheet\" href=\"css\/bootstrap.min.css\">\n\n\n<ul class=\"pagination\">\n\t    \n\t\n\n<li >\n\t<a href='?page_no=1'>Previous<\/a>\n\t<\/li>\n\n\n       \n    \n\n<li><a href='?page_no=1'>1<\/a><\/li>\n\n\n\n<li class='active'><a>2<\/a><\/li>\n\n\n\n<li><a href='?page_no=3'>3<\/a><\/li>\n\n\n\n<li><a href='?page_no=4'>4<\/a><\/li>\n\n\n\n<li><a href='?page_no=5'>5<\/a><\/li>\n\n\n\n<li><a href='?page_no=6'>6<\/a><\/li>\n\n\n\n<li><a href='?page_no=7'>7<\/a><\/li>\n\n\n\n<li><a>...<\/a><\/li>\n\n\n\n<li><a href='?page_no=51012'>51012<\/a><\/li>\n\n\n\n<li><a href='?page_no=51013'>51013<\/a><\/li>\n\n    \n\t\n\n<li >\n\t<a href='?page_no=3'>Next<\/a>\n\t<\/li>\n\n\n    \n\n<li><a href='?page_no=51013'>Last &rsaquo;&rsaquo;<\/a><\/li>\n\n<\/ul>\n\n\n--><br \/>\n<\/body><\/p>\n","protected":false},"excerpt":{"rendered":"<p>diariodominicano.com KIEV, 30 nov (Xinhua) &#8212; El secretario general de la Organizaci\u00f3n del Tratado del Atl\u00e1ntico Norte (OTAN), Jens Stoltenberg, dijo que la regi\u00f3n del mar Negro es de suma importancia para la alianza y que cooperar\u00e1n con Ucrania para vigilar la situaci\u00f3n de seguridad, inform\u00f3 hoy la agencia noticiosa Ukrinform. \u00abLa regi\u00f3n del mar [&hellip;]<\/p>\n","protected":false},"author":3,"featured_media":0,"comment_status":"open","ping_status":"open","sticky":false,"template":"","format":"standard","meta":{"footnotes":""},"categories":[23],"tags":[],"class_list":["post-236381","post","type-post","status-publish","format-standard","hentry","category-internacional"],"_links":{"self":[{"href":"https:\/\/diariodominicano.com\/index.php?rest_route=\/wp\/v2\/posts\/236381","targetHints":{"allow":["GET"]}}],"collection":[{"href":"https:\/\/diariodominicano.com\/index.php?rest_route=\/wp\/v2\/posts"}],"about":[{"href":"https:\/\/diariodominicano.com\/index.php?rest_route=\/wp\/v2\/types\/post"}],"author":[{"embeddable":true,"href":"https:\/\/diariodominicano.com\/index.php?rest_route=\/wp\/v2\/users\/3"}],"replies":[{"embeddable":true,"href":"https:\/\/diariodominicano.com\/index.php?rest_route=%2Fwp%2Fv2%2Fcomments&post=236381"}],"version-history":[{"count":0,"href":"https:\/\/diariodominicano.com\/index.php?rest_route=\/wp\/v2\/posts\/236381\/revisions"}],"wp:attachment":[{"href":"https:\/\/diariodominicano.com\/index.php?rest_route=%2Fwp%2Fv2%2Fmedia&parent=236381"}],"wp:term":[{"taxonomy":"category","embeddable":true,"href":"https:\/\/diariodominicano.com\/index.php?rest_route=%2Fwp%2Fv2%2Fcategories&post=236381"},{"taxonomy":"post_tag","embeddable":true,"href":"https:\/\/diariodominicano.com\/index.php?rest_route=%2Fwp%2Fv2%2Ftags&post=236381"}],"curies":[{"name":"wp","href":"https:\/\/api.w.org\/{rel}","templated":true}]}}