{"id":235040,"date":"2017-07-26T11:53:39","date_gmt":"2017-07-26T11:53:39","guid":{"rendered":"http:\/\/diariodominicano.ddns.net\/?p=235040"},"modified":"2017-07-26T11:53:39","modified_gmt":"2017-07-26T11:53:39","slug":"senalan-importancia-para-desarrollo-social-de-avance-economico-cubano","status":"publish","type":"post","link":"https:\/\/diariodominicano.com\/?p=235040","title":{"rendered":"Se\u00f1alan importancia para desarrollo social de avance econ\u00f3mico cubano"},"content":{"rendered":"<p><body><\/p>\n<p><img decoding=\"async\" src=\"img3\/machado-ventura.jpg\" \/>  <\/p>\n<p><strong> Pinar del Rio, Cuba, 26 jul (PL) <\/strong>El vicepresidente de Cuba Jos\u00e9 Ram\u00f3n Machado Ventura destac\u00f3 hoy la importancia de acompa\u00f1ar el desarrollo social por el avance econ\u00f3mico, pues es esta la base que permite sostener las conquistas de la Revoluci\u00f3n, expres\u00f3.<\/p>\n<\/p>\n<p>Durante su discurso en el acto central por la celebraci\u00f3n del D\u00eda de la Rebeld\u00eda Nacional, Machado Ventura asegur\u00f3 que el rumbo de la Revoluci\u00f3n est\u00e1 trazado, contamos con documentos program\u00e1ticos que fijan el alcance de los cambios que continuaremos con el objetivo de lograr un socialismo pr\u00f3spero y sostenible, se\u00f1al\u00f3.<\/p>\n<\/p>\n<p>A\u00fan resta mucho por hacer para logra el despegue de la econom\u00eda y con ello dar respuesta a necesidades de nuestro pueblo, puntualiz\u00f3.<\/p>\n<\/p>\n<p>Record\u00f3 que este 64 aniversario del asalto a los cuarteles Guillerm\u00f3n Moncada y Carlos Manuel de C\u00e9spedes es el primero sin Fidel Castro, &#8216;y no por ello no ha dejado de estar presente su imagen, su obra y su ejemplo&#8217;.<\/p>\n<\/p>\n<p>Contrast\u00f3 las cifras referidas hace 17 a\u00f1os por el l\u00edder hist\u00f3rico Fidel Castro sobre la provincia de Pinar del R\u00edo, cuando apuntaba que al triunfo revolucionario esta era la m\u00e1s preterida y muchos la calificaban como la cenicienta a pesar de la contribuci\u00f3n que hac\u00eda en rama tabacalera y minera.<\/p>\n<\/p>\n<p>Indic\u00f3 en el pasado que m\u00e1s del 85 por ciento de las fincas pinare\u00f1as no pertenec\u00eda a los trabajadores, en la salud exist\u00edan solo 16 unidades asistenciales y 100 consultas privadas, en total 248 m\u00e9dicos y 50 enfermeras.<\/p>\n<\/p>\n<p>Hoy cuenta con 626 consultorios del m\u00e9dico de la familia, 19 policl\u00ednicos y cinco hospitales, cuatro mil 577 m\u00e9dicos, 18 veces m\u00e1s que entonces.<\/p>\n<\/p>\n<p>En zonas rurales apartadas en la actualidad funcionan 24 servicios extendidos de urgencias que permiten salvar vidas.<\/p>\n<\/p>\n<p>La pasmosa cifra de m\u00e1s de 60 ni\u00f1os fallecidos por cada mil nacidos vivos pas\u00f3 al 1,7 en el primer semestre del 2017, de 53 a\u00f1os de esperanza de vida en 1958 hoy se alcanza los 79.<\/p>\n<\/p>\n<p>En la educaci\u00f3n de un 30 por ciento de analfabetismo hace a\u00f1os que este \u00edndice es de cero, explic\u00f3.<\/p>\n<\/p>\n<p>Estas razones le ortorgaron a la m\u00e1s occidental de las provincias cubanas la sede de este festejo nacional, fecha marcada por las acciones del 26 de julio de 1953 cuando un grupo de j\u00f3venes, con Fidel Castro al frente, protagonizaron el asalto a los cuarteles Guillerm\u00f3n Moncada y Carlos Manuel de C\u00e9spedes.<\/p>\n<\/p>\n<p>Aunque en esa fecha no pudieron conseguir su objetivo de llamar a la insurrecci\u00f3n contra Fulgencio Batista (1952-1959), la gesta inspir\u00f3 a que poco m\u00e1s de tres a\u00f1os despu\u00e9s se retomara la lucha armada hasta alcanzar el definitivo triunfo revolucionario en enero de 1959.<\/p>\n<h6> 2017-07-26 11:53:39 <\/h6>\n<p><!--\n<link rel=\"stylesheet\" href=\"css\/bootstrap.min.css\">\n\n\n<ul class=\"pagination\">\n\t    \n\t\n\n<li >\n\t<a href='?page_no=14291'>Previous<\/a>\n\t<\/li>\n\n\n       \n    \n\n<li><a href='?page_no=1'>1<\/a><\/li>\n\n\n\n<li><a href='?page_no=2'>2<\/a><\/li>\n\n\n\n<li><a>...<\/a><\/li>\n\n\n\n<li><a href='?page_no=14290'>14290<\/a><\/li>\n\n\n\n<li><a href='?page_no=14291'>14291<\/a><\/li>\n\n\n\n<li class='active'><a>14292<\/a><\/li>\n\n\n\n<li><a href='?page_no=14293'>14293<\/a><\/li>\n\n\n\n<li><a href='?page_no=14294'>14294<\/a><\/li>\n\n\n\n<li><a>...<\/a><\/li>\n\n\n\n<li><a href='?page_no=51012'>51012<\/a><\/li>\n\n\n\n<li><a href='?page_no=51013'>51013<\/a><\/li>\n\n    \n\t\n\n<li >\n\t<a href='?page_no=14293'>Next<\/a>\n\t<\/li>\n\n\n    \n\n<li><a href='?page_no=51013'>Last &rsaquo;&rsaquo;<\/a><\/li>\n\n<\/ul>\n\n\n--><br \/>\n<\/body><\/p>\n","protected":false},"excerpt":{"rendered":"<p>Pinar del Rio, Cuba, 26 jul (PL) El vicepresidente de Cuba Jos\u00e9 Ram\u00f3n Machado Ventura destac\u00f3 hoy la importancia de acompa\u00f1ar el desarrollo social por el avance econ\u00f3mico, pues es esta la base que permite sostener las conquistas de la Revoluci\u00f3n, expres\u00f3. Durante su discurso en el acto central por la celebraci\u00f3n del D\u00eda de [&hellip;]<\/p>\n","protected":false},"author":3,"featured_media":0,"comment_status":"open","ping_status":"open","sticky":false,"template":"","format":"standard","meta":{"footnotes":""},"categories":[23],"tags":[],"class_list":["post-235040","post","type-post","status-publish","format-standard","hentry","category-internacional"],"_links":{"self":[{"href":"https:\/\/diariodominicano.com\/index.php?rest_route=\/wp\/v2\/posts\/235040","targetHints":{"allow":["GET"]}}],"collection":[{"href":"https:\/\/diariodominicano.com\/index.php?rest_route=\/wp\/v2\/posts"}],"about":[{"href":"https:\/\/diariodominicano.com\/index.php?rest_route=\/wp\/v2\/types\/post"}],"author":[{"embeddable":true,"href":"https:\/\/diariodominicano.com\/index.php?rest_route=\/wp\/v2\/users\/3"}],"replies":[{"embeddable":true,"href":"https:\/\/diariodominicano.com\/index.php?rest_route=%2Fwp%2Fv2%2Fcomments&post=235040"}],"version-history":[{"count":0,"href":"https:\/\/diariodominicano.com\/index.php?rest_route=\/wp\/v2\/posts\/235040\/revisions"}],"wp:attachment":[{"href":"https:\/\/diariodominicano.com\/index.php?rest_route=%2Fwp%2Fv2%2Fmedia&parent=235040"}],"wp:term":[{"taxonomy":"category","embeddable":true,"href":"https:\/\/diariodominicano.com\/index.php?rest_route=%2Fwp%2Fv2%2Fcategories&post=235040"},{"taxonomy":"post_tag","embeddable":true,"href":"https:\/\/diariodominicano.com\/index.php?rest_route=%2Fwp%2Fv2%2Ftags&post=235040"}],"curies":[{"name":"wp","href":"https:\/\/api.w.org\/{rel}","templated":true}]}}