{"id":235039,"date":"2017-07-26T13:53:46","date_gmt":"2017-07-26T13:53:46","guid":{"rendered":"http:\/\/diariodominicano.ddns.net\/?p=235039"},"modified":"2017-07-26T13:53:46","modified_gmt":"2017-07-26T13:53:46","slug":"comision-europea-advierte-a-ee-uu-sobre-nuevas-sanciones-a-rusia","status":"publish","type":"post","link":"https:\/\/diariodominicano.com\/?p=235039","title":{"rendered":"Comisi\u00f3n Europea advierte a EE. UU. sobre nuevas sanciones a Rusia"},"content":{"rendered":"<p><body><\/p>\n<p><img decoding=\"async\" src=\"img3\/com-eur.jpg\" \/>  <\/p>\n<p><span class=\"text1noticias\">Bruselas, 26 jul (PL) El presidente de la Comisi\u00f3n Europea, Jean-Claude Juncker, realiz\u00f3 hoy un llamado de advertencia a Estados Unidos, a prop\u00f3sito de las nuevas sanciones aprobadas por este pa\u00eds contra Rusia, las cuales podr\u00edan afectar intereses europeos. <\/span><\/p>\n<\/p>\n<p><span class=\"text1noticias\">El pol\u00edtico avis\u00f3 que el bloque regional se encuentra listo para responder &#8216;apropiadamente en cuesti\u00f3n de d\u00edas&#8217; si las nuevas restricciones contra Mosc\u00fa no tienen en cuenta &#8216;los intereses de seguridad energ\u00e9tica de la Uni\u00f3n Europa (UE)&#8217; y castigan a empresas con proyectos en el gigante euroasi\u00e1tico.<\/span><\/p>\n<\/p>\n<p><span class=\"text1noticias\">En un comunicado realizado al t\u00e9rmino de una reuni\u00f3n entre comisiarios de la UE para medir el impacto de las recientes medidas de Washington, Juncker expres\u00f3 que el lema del presidente estadounidense, Donald Trump, &#8216;Am\u00e9rica Primero, no puede significar que los intereses de Europa vienen en \u00faltimo lugar&#8217;.<\/span><\/p>\n<\/p>\n<p><span class=\"text1noticias\">A pesar de que el proyecto de ley aprobado por el congreso de la naci\u00f3n norte\u00f1a este martes considera &#8216;un n\u00famero&#8217; de preocupaciones del denominado viejo continente, el ejecutivo comunitario se\u00f1al\u00f3 que a\u00fan as\u00ed &#8216;prev\u00e9 la imposici\u00f3n de penalidades contra cualquier compa\u00f1\u00eda que contribuya al desarrollo de gasoductos en Rusia para exportar energ\u00eda&#8217;.<\/span><\/p>\n<\/p>\n<p><span class=\"text1noticias\">Seg\u00fan public\u00f3 en d\u00edas recientes el diario brit\u00e1nico &#8216;Financial Times&#8217;, la Comisi\u00f3n Europea estudia impedir que estos castigos estadounidenses sean &#8216;reconocidos o aplicables&#8217; en Europa, as\u00ed como preparar &#8216;medidas de represalia&#8217; con arreglo a las normas de la Organizaci\u00f3n Mundial del Comercio.<\/span><\/p>\n<\/p>\n<p><span class=\"text1noticias\">La nueva legislaci\u00f3n, aprobada por 419 votos a favor y solo tres en contra en la c\u00e1mara baja estadounidense, prev\u00e9 un recrudecimiento de las condiciones operativas y de entrega de cr\u00e9ditos para la banca de Rusia.<\/span><\/p>\n<\/p>\n<p><span class=\"text1noticias\">La iniciativa, entre otros puntos, autorizar\u00e1 al presidente norteamericano a imponer sanciones contra personas y compa\u00f1\u00edas que inviertan m\u00e1s de un mill\u00f3n de d\u00f3lares de una vez y m\u00e1s de cinco millones durante el a\u00f1o en la construcci\u00f3n de gasoductos realizados por el pa\u00eds europeo, como el Torrente Norte 2 (Nord Stream II).<\/span><\/p>\n<\/p>\n<p><span class=\"text1noticias\">Se proh\u00edbe adem\u00e1s la prestaci\u00f3n de servicios, as\u00ed como el apoyo tecnol\u00f3gico y el suministro de equipamiento para desarrollar la obra. Al respecto, el viceministro ruso de Relaciones Exteriores, Serguei Riabkov, consider\u00f3 este mi\u00e9rcoles que esas sanciones son absurdas y ponen en entredicho un posible avance en los nexos entre ambos pa\u00edses.<\/span><\/p>\n<h6> 2017-07-26 13:53:46 <\/h6>\n<p><!--\n<link rel=\"stylesheet\" href=\"css\/bootstrap.min.css\">\n\n\n<ul class=\"pagination\">\n\t    \n\t\n\n<li >\n\t<a href='?page_no=14290'>Previous<\/a>\n\t<\/li>\n\n\n       \n    \n\n<li><a href='?page_no=1'>1<\/a><\/li>\n\n\n\n<li><a href='?page_no=2'>2<\/a><\/li>\n\n\n\n<li><a>...<\/a><\/li>\n\n\n\n<li><a href='?page_no=14289'>14289<\/a><\/li>\n\n\n\n<li><a href='?page_no=14290'>14290<\/a><\/li>\n\n\n\n<li class='active'><a>14291<\/a><\/li>\n\n\n\n<li><a href='?page_no=14292'>14292<\/a><\/li>\n\n\n\n<li><a href='?page_no=14293'>14293<\/a><\/li>\n\n\n\n<li><a>...<\/a><\/li>\n\n\n\n<li><a href='?page_no=51012'>51012<\/a><\/li>\n\n\n\n<li><a href='?page_no=51013'>51013<\/a><\/li>\n\n    \n\t\n\n<li >\n\t<a href='?page_no=14292'>Next<\/a>\n\t<\/li>\n\n\n    \n\n<li><a href='?page_no=51013'>Last &rsaquo;&rsaquo;<\/a><\/li>\n\n<\/ul>\n\n\n--><br \/>\n<\/body><\/p>\n","protected":false},"excerpt":{"rendered":"<p>Bruselas, 26 jul (PL) El presidente de la Comisi\u00f3n Europea, Jean-Claude Juncker, realiz\u00f3 hoy un llamado de advertencia a Estados Unidos, a prop\u00f3sito de las nuevas sanciones aprobadas por este pa\u00eds contra Rusia, las cuales podr\u00edan afectar intereses europeos. El pol\u00edtico avis\u00f3 que el bloque regional se encuentra listo para responder &#8216;apropiadamente en cuesti\u00f3n de [&hellip;]<\/p>\n","protected":false},"author":3,"featured_media":0,"comment_status":"open","ping_status":"open","sticky":false,"template":"","format":"standard","meta":{"footnotes":""},"categories":[23],"tags":[],"class_list":["post-235039","post","type-post","status-publish","format-standard","hentry","category-internacional"],"_links":{"self":[{"href":"https:\/\/diariodominicano.com\/index.php?rest_route=\/wp\/v2\/posts\/235039","targetHints":{"allow":["GET"]}}],"collection":[{"href":"https:\/\/diariodominicano.com\/index.php?rest_route=\/wp\/v2\/posts"}],"about":[{"href":"https:\/\/diariodominicano.com\/index.php?rest_route=\/wp\/v2\/types\/post"}],"author":[{"embeddable":true,"href":"https:\/\/diariodominicano.com\/index.php?rest_route=\/wp\/v2\/users\/3"}],"replies":[{"embeddable":true,"href":"https:\/\/diariodominicano.com\/index.php?rest_route=%2Fwp%2Fv2%2Fcomments&post=235039"}],"version-history":[{"count":0,"href":"https:\/\/diariodominicano.com\/index.php?rest_route=\/wp\/v2\/posts\/235039\/revisions"}],"wp:attachment":[{"href":"https:\/\/diariodominicano.com\/index.php?rest_route=%2Fwp%2Fv2%2Fmedia&parent=235039"}],"wp:term":[{"taxonomy":"category","embeddable":true,"href":"https:\/\/diariodominicano.com\/index.php?rest_route=%2Fwp%2Fv2%2Fcategories&post=235039"},{"taxonomy":"post_tag","embeddable":true,"href":"https:\/\/diariodominicano.com\/index.php?rest_route=%2Fwp%2Fv2%2Ftags&post=235039"}],"curies":[{"name":"wp","href":"https:\/\/api.w.org\/{rel}","templated":true}]}}