{"id":235036,"date":"2017-07-26T14:05:46","date_gmt":"2017-07-26T14:05:46","guid":{"rendered":"http:\/\/diariodominicano.ddns.net\/?p=235036"},"modified":"2017-07-26T14:05:46","modified_gmt":"2017-07-26T14:05:46","slug":"nombran-en-onu-expertos-por-hechos-en-regiones-congolenas-de-kasais","status":"publish","type":"post","link":"https:\/\/diariodominicano.com\/?p=235036","title":{"rendered":"Nombran en ONU expertos por hechos en regiones congole\u00f1as de Kasais"},"content":{"rendered":"<p><body><\/p>\n<p><img decoding=\"async\" src=\"img3\/zeid.jpg\" \/>  <\/p>\n<p><span class=\"text1noticias\">Naciones Unidas, 26 jul (PL) El alto comisionado de la ONU para los Derechos Humanos, Zeid Ra\u00b4ad Al Hussein, design\u00f3 hoy a tres expertos para investigar graves cr\u00edmenes en las provincias de Kasai de la Rep\u00fablica Democr\u00e1tica del Congo (RDC).<\/span><\/p>\n<\/p>\n<p><span class=\"text1noticias\">Los encargados de recopilar informaciones sobre reportes de varias fosas comunes y denuncias de ejecuciones sumarias y violaciones sexuales son Bacre Ndiaye (Senegal), jefe del equipo, Luc Cote (Canad\u00e1) y Fatimata M\u00b4Baye (Mauritania).<\/span><\/p>\n<\/p>\n<p><span class=\"text1noticias\">El grupo de expertos fue creado por mandato del Consejo de los Derechos Humanos el 22 de junio de 2017, en una resoluci\u00f3n que refleja preocupaci\u00f3n por la violencia y los atropellos en Kasai Occidental y Kasai Oriental.<\/span><\/p>\n<\/p>\n<p><span class=\"text1noticias\">Seg\u00fan el documento, en esa parte de la RDC se han producido el reclutamiento de ni\u00f1os soldados, abusos sexuales y destrucci\u00f3n de escuelas y lugares de culto por milicias locales.<\/span><\/p>\n<\/p>\n<p><span class=\"text1noticias\">Respecto a la misi\u00f3n de Ndiaye, Cote y M\u00b4Baye, precisa que deben determinar, en cooperaci\u00f3n con el gobierno congole\u00f1o, los hechos y las circunstancias que llevaron al actual escenario en la regi\u00f3n.<\/span><\/p>\n<\/p>\n<p><span class=\"text1noticias\">Las conclusiones ser\u00e1n remitidas a las autoridades judiciales del pa\u00eds africano, en aras de la rendici\u00f3n de cuentas ante la ley de los responsables de cr\u00edmenes.<\/span><\/p>\n<\/p>\n<p><span class=\"text1noticias\">Zeid presentar\u00e1 de forma oral los resultados de las pesquisas sobre las provincias de Kasais en la 37 Sesi\u00f3n del Consejo de los Derechos Humanos, en marzo de 2018.<\/span><\/p>\n<h6> 2017-07-26 14:05:46 <\/h6>\n<p><!--\n<link rel=\"stylesheet\" href=\"css\/bootstrap.min.css\">\n\n\n<ul class=\"pagination\">\n\t    \n\t\n\n<li >\n\t<a href='?page_no=14288'>Previous<\/a>\n\t<\/li>\n\n\n       \n    \n\n<li><a href='?page_no=1'>1<\/a><\/li>\n\n\n\n<li><a href='?page_no=2'>2<\/a><\/li>\n\n\n\n<li><a>...<\/a><\/li>\n\n\n\n<li><a href='?page_no=14287'>14287<\/a><\/li>\n\n\n\n<li><a href='?page_no=14288'>14288<\/a><\/li>\n\n\n\n<li class='active'><a>14289<\/a><\/li>\n\n\n\n<li><a href='?page_no=14290'>14290<\/a><\/li>\n\n\n\n<li><a href='?page_no=14291'>14291<\/a><\/li>\n\n\n\n<li><a>...<\/a><\/li>\n\n\n\n<li><a href='?page_no=51012'>51012<\/a><\/li>\n\n\n\n<li><a href='?page_no=51013'>51013<\/a><\/li>\n\n    \n\t\n\n<li >\n\t<a href='?page_no=14290'>Next<\/a>\n\t<\/li>\n\n\n    \n\n<li><a href='?page_no=51013'>Last &rsaquo;&rsaquo;<\/a><\/li>\n\n<\/ul>\n\n\n--><br \/>\n<\/body><\/p>\n","protected":false},"excerpt":{"rendered":"<p>Naciones Unidas, 26 jul (PL) El alto comisionado de la ONU para los Derechos Humanos, Zeid Ra\u00b4ad Al Hussein, design\u00f3 hoy a tres expertos para investigar graves cr\u00edmenes en las provincias de Kasai de la Rep\u00fablica Democr\u00e1tica del Congo (RDC). Los encargados de recopilar informaciones sobre reportes de varias fosas comunes y denuncias de ejecuciones [&hellip;]<\/p>\n","protected":false},"author":3,"featured_media":0,"comment_status":"open","ping_status":"open","sticky":false,"template":"","format":"standard","meta":{"footnotes":""},"categories":[23],"tags":[],"class_list":["post-235036","post","type-post","status-publish","format-standard","hentry","category-internacional"],"_links":{"self":[{"href":"https:\/\/diariodominicano.com\/index.php?rest_route=\/wp\/v2\/posts\/235036","targetHints":{"allow":["GET"]}}],"collection":[{"href":"https:\/\/diariodominicano.com\/index.php?rest_route=\/wp\/v2\/posts"}],"about":[{"href":"https:\/\/diariodominicano.com\/index.php?rest_route=\/wp\/v2\/types\/post"}],"author":[{"embeddable":true,"href":"https:\/\/diariodominicano.com\/index.php?rest_route=\/wp\/v2\/users\/3"}],"replies":[{"embeddable":true,"href":"https:\/\/diariodominicano.com\/index.php?rest_route=%2Fwp%2Fv2%2Fcomments&post=235036"}],"version-history":[{"count":0,"href":"https:\/\/diariodominicano.com\/index.php?rest_route=\/wp\/v2\/posts\/235036\/revisions"}],"wp:attachment":[{"href":"https:\/\/diariodominicano.com\/index.php?rest_route=%2Fwp%2Fv2%2Fmedia&parent=235036"}],"wp:term":[{"taxonomy":"category","embeddable":true,"href":"https:\/\/diariodominicano.com\/index.php?rest_route=%2Fwp%2Fv2%2Fcategories&post=235036"},{"taxonomy":"post_tag","embeddable":true,"href":"https:\/\/diariodominicano.com\/index.php?rest_route=%2Fwp%2Fv2%2Ftags&post=235036"}],"curies":[{"name":"wp","href":"https:\/\/api.w.org\/{rel}","templated":true}]}}