{"id":235034,"date":"2017-07-26T20:15:37","date_gmt":"2017-07-26T20:15:37","guid":{"rendered":"http:\/\/diariodominicano.ddns.net\/?p=235034"},"modified":"2017-07-26T20:15:37","modified_gmt":"2017-07-26T20:15:37","slug":"bruselas-promete-actuar-ante-el-impacto-en-la-ue-de-las-sanciones-de-eeuu-a-rusia","status":"publish","type":"post","link":"https:\/\/diariodominicano.com\/?p=235034","title":{"rendered":"Bruselas promete actuar ante el impacto en la UE de las sanciones de EEUU a Rusia"},"content":{"rendered":"<p><body><\/p>\n<p><img decoding=\"async\" src=\"img3\/e00d6b51e365a114370a30c4254738c7a92d33a3.jpg\" \/><br \/><img decoding=\"async\" src=\"img3\/0e71a38284cccfcde50147481e94d706fcc2fc24.jpg\" \/>  <\/p>\n<\/p>\n<p>AFP \/ Jim Watson<\/p>\n<p>El presidente de EEUU, Donald Trump, en la base a\u00e9rea de Andrews, en Maryland, el 22 de julio de 2017<\/p>\n<p>Bruselas advirti\u00f3 este mi\u00e9rcoles a Washington de que las nuevas sanciones estadounidenses contra Rusia, que todav\u00eda debe votar el Senado, pueden castigar a las empresas energ\u00e9ticas europeas y dividir a Occidente, por lo que prometi\u00f3 no quedarse de brazos cruzados.<\/p>\n<p>\u00abLa Comisi\u00f3n [Europea] concluy\u00f3 hoy que si nuestras preocupaciones no se tienen suficientemente en cuenta, estamos preparados para actuar de manera adecuada en cuesti\u00f3n de d\u00edas\u00bb, advirti\u00f3 su presidente, Jean-Claude Juncker, tras una reuni\u00f3n del Ejecutivo comunitario.<\/p>\n<p>La reacci\u00f3n de los europeos, preocupados por el impacto de las sanciones en su suministro energ\u00e9tico, contrasta con la respuesta de Mosc\u00fa, que intent\u00f3 calmar el juego llamando a esperar a que este \u00abproyecto\u00bb se convierta en \u00abley\u00bb antes de decidir cualquier respuesta.<\/p>\n<p>Tras su adopci\u00f3n por casi unanimidad en la C\u00e1mara de Representantes, este texto, que otorga al presidente de EEUU, Donald Trump, el poder de sancionar a las empresas que trabajan en los oleoductos procedentes de Rusia, debe pasar ahora el tr\u00e1mite del Senado.<\/p>\n<p>&#8211; \u00abIndependencia energ\u00e9tica\u00bb &#8211;<\/p>\n<p>La UE teme que esas sanciones a empresas, entre ellas limitar su acceso a bancos estadounidenses o su exclusi\u00f3n de los mercados p\u00fablicos de la primera econom\u00eda mundial, pueda afectar a las compa\u00f1\u00edas europeas.<\/p>\n<p>De manera m\u00e1s global, la decisi\u00f3n de los parlamentarios estadounidenses podr\u00eda afectar a la \u00abindependencia energ\u00e9tica de la UE\u00bb, subray\u00f3 la Comisi\u00f3n Europea, que hizo de garantizar el abastecimiento en este sector una de sus prioridades.<\/p>\n<\/p>\n<p>AFP\/Archivos \/ Natalia Kolesnikova<\/p>\n<p>La adopci\u00f3n de nuevas sanciones por la C\u00e1mara de Representantes de Estados Unidos amenaza con \u00abdestruir las perspectivas de normalizaci\u00f3n\u00bb de las relaciones con Mosc\u00fa, afirm\u00f3 un viceministro ruso<\/p>\n<p>Las sanciones estadounidenses tendr\u00e1n una consecuencia \u00abil\u00edcita\u00bb ya que podr\u00edan afectar a las empresas europeas, indic\u00f3 el Ministerio de Exteriores de Francia, mientras que Alemania intent\u00f3 relativizar, apuntando a la mejora en la versi\u00f3n adoptada del texto.<\/p>\n<p>El portavoz de la canciller\u00eda alemana, Martin Sch\u00e4fer, destac\u00f3 que varios puntos del documento se\u00f1alan que Trump debe consultar con sus socios europeos, especialmente sobre la cuesti\u00f3n del abastecimiento energ\u00e9tico ruso a Europa.<\/p>\n<p>&#8211; \u00abPing-pong\u00bb &#8211;<\/p>\n<p>Washington y Bruselas contaban en el pasado con una l\u00ednea roja, subrayando que ninguna sanci\u00f3n afectar\u00eda el aprovisionamiento energ\u00e9tico de Europa y, en una aparente concesi\u00f3n, la c\u00e1mara baja modific\u00f3 un art\u00edculo para circunscribir el \u00e1mbito de las sanciones a los oleoductos con origen en Rusia.<\/p>\n<p>Esta precisi\u00f3n dejar\u00eda fuera de las sanciones al oleoducto que une Kazajist\u00e1n con Europa, a trav\u00e9s de territorio ruso, pero podr\u00eda afectar al proyecto de gasoducto Nord Stream 2, entre Rusia y Alemania, a trav\u00e9s del mar B\u00e1ltico.<\/p>\n<p>\u00abLas sanciones no deben usarse como un elemento para promover sus propios intereses econ\u00f3micos, por ejemplo, vender gas licuado estadounidense\u00bb, subray\u00f3 el presidente ejecutivo de Wintershall, Mario Mehren, para quien las empresas son una \u00abpelota de &#8216;ping-pong&#8217; en este juego\u00bb.<\/p>\n<p>La alemana Wintershall es una de las empresas que trabajan en el proyecto Nord Stream 2 junto a otras compa\u00f1\u00edas como Engie (Francia), Uniper (Alemania), OMV (Austria) o Shell (Reino Unido-Holanda).<\/p>\n<p>&#8211; \u00abConsecuencias pol\u00edticas negativas\u00bb &#8211;<\/p>\n<p>La votaci\u00f3n de la C\u00e1mara de Representantes supone un punto de ruptura en la concertaci\u00f3n de sanciones a ambos lados del Atl\u00e1ntico contra Rusia, desde que se anexionara en 2014 la entonces pen\u00ednsula ucraniana de Crimea, por lo que Bruselas advirti\u00f3 de \u00abposibles consecuencias pol\u00edticas negativas\u00bb.<\/p>\n<p>Y llega un d\u00eda despu\u00e9s de que Trump, que mantiene sus diferencias con la UE en asuntos como el cambio clim\u00e1tico, criticara la \u00abproteccionista\u00bb pol\u00edtica de Bruselas con Washington al anunciar que trabajaba en un acuerdo con Reino Unido tras su marcha del bloque.<\/p>\n<p>Adem\u00e1s de contra Rusia, el proyecto de ley aprobado por la C\u00e1mara Baja del Congreso prev\u00e9 tambi\u00e9n nuevas sanciones contra Ir\u00e1n, especialmente contra los Guardianes de la Revoluci\u00f3n, acusados de apoyar el terrorismo, y contra Corea del Norte por sus pruebas nucleares.<\/p>\n<p>Ir\u00e1n califico de \u00abmedida hostil\u00bb estas sanciones que, a juicio del ministro adjunto de Relaciones exteriores iran\u00ed, Abbas Araghchi, pueden influenciar negativamente en la aplicaci\u00f3n del acuerdo hist\u00f3rico sobre el programa nuclear iran\u00ed cerrado en julio de 2015.<\/p>\n<p>El proyecto de ley, que llega tras una campa\u00f1a de pirateo y desinformaci\u00f3n atribuida a Rusia durante la elecci\u00f3n presidencial estadounidense de 2016, tambi\u00e9n prev\u00e9 un punto in\u00e9dito que molesta particularmente a la Casa Blanca.<\/p>\n<p>Los parlamentarios podr\u00e1n impedir que el presidente, quien ha dicho que se lleva \u00abmuy, muy bien\u00bb con el l\u00edder ruso, Vladimir Putin, eventualmente suspenda las sanciones contra Mosc\u00fa.<\/p>\n<h6> 2017-07-26 20:15:37 <\/h6>\n<p><!--\n<link rel=\"stylesheet\" href=\"css\/bootstrap.min.css\">\n\n\n<ul class=\"pagination\">\n\t    \n\t\n\n<li >\n\t<a href='?page_no=14286'>Previous<\/a>\n\t<\/li>\n\n\n       \n    \n\n<li><a href='?page_no=1'>1<\/a><\/li>\n\n\n\n<li><a href='?page_no=2'>2<\/a><\/li>\n\n\n\n<li><a>...<\/a><\/li>\n\n\n\n<li><a href='?page_no=14285'>14285<\/a><\/li>\n\n\n\n<li><a href='?page_no=14286'>14286<\/a><\/li>\n\n\n\n<li class='active'><a>14287<\/a><\/li>\n\n\n\n<li><a href='?page_no=14288'>14288<\/a><\/li>\n\n\n\n<li><a href='?page_no=14289'>14289<\/a><\/li>\n\n\n\n<li><a>...<\/a><\/li>\n\n\n\n<li><a href='?page_no=51012'>51012<\/a><\/li>\n\n\n\n<li><a href='?page_no=51013'>51013<\/a><\/li>\n\n    \n\t\n\n<li >\n\t<a href='?page_no=14288'>Next<\/a>\n\t<\/li>\n\n\n    \n\n<li><a href='?page_no=51013'>Last &rsaquo;&rsaquo;<\/a><\/li>\n\n<\/ul>\n\n\n--><br \/>\n<\/body><\/p>\n","protected":false},"excerpt":{"rendered":"<p>AFP \/ Jim Watson El presidente de EEUU, Donald Trump, en la base a\u00e9rea de Andrews, en Maryland, el 22 de julio de 2017 Bruselas advirti\u00f3 este mi\u00e9rcoles a Washington de que las nuevas sanciones estadounidenses contra Rusia, que todav\u00eda debe votar el Senado, pueden castigar a las empresas energ\u00e9ticas europeas y dividir a Occidente, [&hellip;]<\/p>\n","protected":false},"author":3,"featured_media":0,"comment_status":"open","ping_status":"open","sticky":false,"template":"","format":"standard","meta":{"footnotes":""},"categories":[23],"tags":[],"class_list":["post-235034","post","type-post","status-publish","format-standard","hentry","category-internacional"],"_links":{"self":[{"href":"https:\/\/diariodominicano.com\/index.php?rest_route=\/wp\/v2\/posts\/235034","targetHints":{"allow":["GET"]}}],"collection":[{"href":"https:\/\/diariodominicano.com\/index.php?rest_route=\/wp\/v2\/posts"}],"about":[{"href":"https:\/\/diariodominicano.com\/index.php?rest_route=\/wp\/v2\/types\/post"}],"author":[{"embeddable":true,"href":"https:\/\/diariodominicano.com\/index.php?rest_route=\/wp\/v2\/users\/3"}],"replies":[{"embeddable":true,"href":"https:\/\/diariodominicano.com\/index.php?rest_route=%2Fwp%2Fv2%2Fcomments&post=235034"}],"version-history":[{"count":0,"href":"https:\/\/diariodominicano.com\/index.php?rest_route=\/wp\/v2\/posts\/235034\/revisions"}],"wp:attachment":[{"href":"https:\/\/diariodominicano.com\/index.php?rest_route=%2Fwp%2Fv2%2Fmedia&parent=235034"}],"wp:term":[{"taxonomy":"category","embeddable":true,"href":"https:\/\/diariodominicano.com\/index.php?rest_route=%2Fwp%2Fv2%2Fcategories&post=235034"},{"taxonomy":"post_tag","embeddable":true,"href":"https:\/\/diariodominicano.com\/index.php?rest_route=%2Fwp%2Fv2%2Ftags&post=235034"}],"curies":[{"name":"wp","href":"https:\/\/api.w.org\/{rel}","templated":true}]}}