{"id":235030,"date":"2017-07-26T23:27:04","date_gmt":"2017-07-26T23:27:04","guid":{"rendered":"http:\/\/diariodominicano.ddns.net\/?p=235030"},"modified":"2017-07-26T23:27:04","modified_gmt":"2017-07-26T23:27:04","slug":"venezolanos-abogan-por-salida-politica-para-acabar-con-crisis","status":"publish","type":"post","link":"https:\/\/diariodominicano.com\/?p=235030","title":{"rendered":"Venezolanos abogan por salida pol\u00edtica para acabar con crisis&#13;"},"content":{"rendered":"<p><body><\/p>\n<\/p>\n<p><strong>   Por Victoria Arg\u00fcello<\/strong><\/p>\n<p><strong> <\/strong><\/p>\n<p><strong>   CARACAS, 26 jul (Xinhua) &#8212;<\/strong> Un punto en com\u00fan entre venezolanos ante la incertidumbre sobre el futuro inmediato del pa\u00eds, es que debe existir una salida pol\u00edtica y electoral convenida entre el gobierno y la alianza opositora Mesa de la Unidad Democr\u00e1tica (MUD).<\/p>\n<\/p>\n<p>   Distintas personas consultadas por Xinhua expresaron que esta medida bilateral pondr\u00eda fin a la crisis pol\u00edtica acentuada en el pa\u00eds sudamericano con hechos violentos en los \u00faltimos cuatro meses. <\/p>\n<\/p>\n<p>   A unos d\u00edas de efectuarse las elecciones para instalar la Asamblea Nacional Constituyente (ANC), se recrudecen las acciones de calle de la oposici\u00f3n y con ellas se elev\u00f3 a 102 la cifra de muertos desde abril pasado en Venezuela.<\/p>\n<\/p>\n<p>   El estudiante de ingenier\u00eda mec\u00e1nica, N\u00e9stor Belandria, de 33 a\u00f1os, sostuvo en ese sentido que debe darse una mediaci\u00f3n para que \u00abde forma constitucional y pac\u00edfica se instauren unas elecciones justas que permitan velar por los derechos y deberes ciudadanos\u00bb.<\/p>\n<\/p>\n<p>   Asegur\u00f3 que pese a los desaciertos del gobierno del presidente Nicol\u00e1s Maduro, la oposici\u00f3n \u00abse ha conducido\u00bb a instar a la violencia, y eso s\u00f3lo ha deparado en da\u00f1os al patrimonio privado y p\u00fablico, al generar una reacci\u00f3n adversa por parte de la poblaci\u00f3n. <\/p>\n<\/p>\n<p>  La estabilidad pol\u00edtica y social es la principal demanda de los ciudadanos venezolanos, azotados por una crisis econ\u00f3mica sin precedentes en los \u00faltimos 18 a\u00f1os, caracterizada por alta inflaci\u00f3n, especulaci\u00f3n de precios en las mercanc\u00edas y escasez de productos.<\/p>\n<\/p>\n<p>   La situaci\u00f3n es \u00abdesesperante\u00bb, puesto que adem\u00e1s de afectar la din\u00e1mica colectiva y la vida individual, se crea un persistente sentimiento de miedo e incertidumbre al s\u00f3lo hecho de salir a las calles, tras el auge de la violencia.<\/p>\n<\/p>\n<p>   El educador en la parroquia Caricuao en el estado de Miranda (norte), Ulises Rivero, de 29 a\u00f1os, abog\u00f3 por \u00abla estabilidad, ya que si se desata m\u00e1s violencia, es el pueblo quien va a pagar las consecuencias\u00bb.<\/p>\n<\/p>\n<p>   \u00abLo que espero es que se estabilicen las cosas y que se den los procesos electorales que deben darse\u00bb, agreg\u00f3 el educador.<\/p>\n<\/p>\n<p>   Para otros venezolanos, la soluci\u00f3n es adelantar en la medida de lo posible las elecciones presidenciales de 2018 y cumplir a cabalidad con los comicios regionales pautados por el Consejo Nacional Electoral (CNE) el pr\u00f3ximo 10 de diciembre.<\/p>\n<\/p>\n<p>   Ello no implica que la poblaci\u00f3n necesariamente se adhiera al llamado de la MUD de realizar elecciones generales este a\u00f1o, pues esta figura no est\u00e1 contemplada en la actual Constituci\u00f3n.<\/p>\n<\/p>\n<p>   \u00abDeseo elecciones para cambiar el poder Ejecutivo, pero tambi\u00e9n deseo una nueva oposici\u00f3n\u00bb, dijo por su parte el estudiante de administraci\u00f3n de la Universidad de Carabobo (norte), Stefany Le\u00f3n.<\/p>\n<\/p>\n<p>   Adem\u00e1s de la mediaci\u00f3n y una salida pol\u00edtica com\u00fan, los venezolanos manifestaron a esta agencia preocupaci\u00f3n por la instaurada violencia criminal, que se ha venido forjando como m\u00e9todo de lucha pol\u00edtica.<\/p>\n<\/p>\n<p>   Aseveraron que es \u00abimpredecible\u00bb el escenario posterior a las elecciones de la ANC del pr\u00f3ximo 30 de julio, m\u00e1s cuando la MUD ha llamado a endurecer las acciones de calle hasta que \u00abcaiga\u00bb el gobierno del presidente Maduro.<\/p>\n<\/p>\n<p>   \u00abHay un futuro cercano incierto porque todo se debate el 30 de julio. La parte opositora est\u00e1 a la expectativa de que lo que vaya a pasar, hay mucha incertidumbre\u00bb, sostuvo en tanto la fisioterapeuta Mari\u00e1n Figueroa.<\/p>\n<\/p>\n<p>   En las venideras elecciones para instalar la ANC que modificar\u00e1 la Constituci\u00f3n, se prev\u00e9 una participaci\u00f3n mayoritariamente oficialista en respuesta a la convocatoria hecha por el gobierno del presidente Maduro.<\/p>\n<\/p>\n<p>   Luego de la elecci\u00f3n de los 545 integrantes de la Constituyente y de la Carta Magna que redactar\u00e1n, debe desarrollarse un referendo aprobatorio de la nueva Constituci\u00f3n.<\/p>\n<\/p>\n<p>   Este futuro escenario electoral, que seguramente contar\u00e1 con la participaci\u00f3n de la MUD como convocante para la opci\u00f3n del \u00abNo\u00bb aprobar la nueva Constituci\u00f3n, determinar\u00e1 en buena medida hacia qu\u00e9 sector pol\u00edtico se dirige la mayor fuerza comicial de cara a las presidenciales del a\u00f1o que viene. Fin<\/p>\n<\/p>\n<h6> 2017-07-26 23:27:04 <\/h6>\n<p><!--\n<link rel=\"stylesheet\" href=\"css\/bootstrap.min.css\">\n\n\n<ul class=\"pagination\">\n\t    \n\t\n\n<li >\n\t<a href='?page_no=14282'>Previous<\/a>\n\t<\/li>\n\n\n       \n    \n\n<li><a href='?page_no=1'>1<\/a><\/li>\n\n\n\n<li><a href='?page_no=2'>2<\/a><\/li>\n\n\n\n<li><a>...<\/a><\/li>\n\n\n\n<li><a href='?page_no=14281'>14281<\/a><\/li>\n\n\n\n<li><a href='?page_no=14282'>14282<\/a><\/li>\n\n\n\n<li class='active'><a>14283<\/a><\/li>\n\n\n\n<li><a href='?page_no=14284'>14284<\/a><\/li>\n\n\n\n<li><a href='?page_no=14285'>14285<\/a><\/li>\n\n\n\n<li><a>...<\/a><\/li>\n\n\n\n<li><a href='?page_no=51012'>51012<\/a><\/li>\n\n\n\n<li><a href='?page_no=51013'>51013<\/a><\/li>\n\n    \n\t\n\n<li >\n\t<a href='?page_no=14284'>Next<\/a>\n\t<\/li>\n\n\n    \n\n<li><a href='?page_no=51013'>Last &rsaquo;&rsaquo;<\/a><\/li>\n\n<\/ul>\n\n\n--><br \/>\n<\/body><\/p>\n","protected":false},"excerpt":{"rendered":"<p>Por Victoria Arg\u00fcello CARACAS, 26 jul (Xinhua) &#8212; Un punto en com\u00fan entre venezolanos ante la incertidumbre sobre el futuro inmediato del pa\u00eds, es que debe existir una salida pol\u00edtica y electoral convenida entre el gobierno y la alianza opositora Mesa de la Unidad Democr\u00e1tica (MUD). Distintas personas consultadas por Xinhua expresaron que esta medida [&hellip;]<\/p>\n","protected":false},"author":3,"featured_media":0,"comment_status":"open","ping_status":"open","sticky":false,"template":"","format":"standard","meta":{"footnotes":""},"categories":[23],"tags":[],"class_list":["post-235030","post","type-post","status-publish","format-standard","hentry","category-internacional"],"_links":{"self":[{"href":"https:\/\/diariodominicano.com\/index.php?rest_route=\/wp\/v2\/posts\/235030","targetHints":{"allow":["GET"]}}],"collection":[{"href":"https:\/\/diariodominicano.com\/index.php?rest_route=\/wp\/v2\/posts"}],"about":[{"href":"https:\/\/diariodominicano.com\/index.php?rest_route=\/wp\/v2\/types\/post"}],"author":[{"embeddable":true,"href":"https:\/\/diariodominicano.com\/index.php?rest_route=\/wp\/v2\/users\/3"}],"replies":[{"embeddable":true,"href":"https:\/\/diariodominicano.com\/index.php?rest_route=%2Fwp%2Fv2%2Fcomments&post=235030"}],"version-history":[{"count":0,"href":"https:\/\/diariodominicano.com\/index.php?rest_route=\/wp\/v2\/posts\/235030\/revisions"}],"wp:attachment":[{"href":"https:\/\/diariodominicano.com\/index.php?rest_route=%2Fwp%2Fv2%2Fmedia&parent=235030"}],"wp:term":[{"taxonomy":"category","embeddable":true,"href":"https:\/\/diariodominicano.com\/index.php?rest_route=%2Fwp%2Fv2%2Fcategories&post=235030"},{"taxonomy":"post_tag","embeddable":true,"href":"https:\/\/diariodominicano.com\/index.php?rest_route=%2Fwp%2Fv2%2Ftags&post=235030"}],"curies":[{"name":"wp","href":"https:\/\/api.w.org\/{rel}","templated":true}]}}