{"id":235029,"date":"2017-07-26T23:30:56","date_gmt":"2017-07-26T23:30:56","guid":{"rendered":"http:\/\/diariodominicano.ddns.net\/?p=235029"},"modified":"2017-07-26T23:30:56","modified_gmt":"2017-07-26T23:30:56","slug":"chile-inicia-regularizacion-migratoria-de-ninos-y-adolescentes-extranjeros","status":"publish","type":"post","link":"https:\/\/diariodominicano.com\/?p=235029","title":{"rendered":"Chile inicia regularizaci\u00f3n migratoria de ni\u00f1os y adolescentes extranjeros&#13;"},"content":{"rendered":"<p><body><\/p>\n<p><strong> <\/strong><\/p>\n<p><strong>   SANTIAGO, 26 jul (Xinhua) &#8212; <\/strong>La presidenta chilena, Michelle Bachelet, anunci\u00f3 hoy el inicio de la regularizaci\u00f3n de ni\u00f1os, ni\u00f1as y adolescentes migrantes en situaci\u00f3n irregular, mediante la creaci\u00f3n de una visa especial, sin costo para los menores de 18 a\u00f1os.<\/p>\n<\/p>\n<p>   Con ello se inici\u00f3 el Plan \u00abChile te Recibe\u00bb, el cual reconoce esa visa especial y el certificado de nacimiento legalizado, independiente de la situaci\u00f3n de los padres, con la cual podr\u00e1n acceder a prestaciones de salud y beneficios educacionales.<\/p>\n<\/p>\n<p>    Bachelet firm\u00f3 el decreto que elimina el cobro de aranceles para la visa de ni\u00f1os, ni\u00f1as y adolescentes e inform\u00f3 que se est\u00e1 trabajando con las embajadas y consulados de Per\u00fa, Venezuela, Bolivia, Colombia y Hait\u00ed para que se simplifique y se ordene la entrega de certificados de nacimiento desde cada pa\u00eds de origen.<\/p>\n<\/p>\n<p>    La presidenta explic\u00f3 que \u00abcomo la ley considera que est\u00e1n en situaci\u00f3n migratoria irregular, los m\u00e1s peque\u00f1itos ven limitados sus derechos o quedan a merced de la buena voluntad\u00bb.<\/p>\n<\/p>\n<p>   \u00abEs una tremenda injusticia que queremos empezar a dejar atr\u00e1s, con un sistema que sea claro y transparente. Queremos que, hayan nacido en Chile o no, los ni\u00f1os y ni\u00f1as tengan los mismos derechos\u00bb, expres\u00f3.<\/p>\n<\/p>\n<p>    Bachelet se\u00f1al\u00f3 que \u00abcon la entrega de una visa especial para ni\u00f1os, independiente de la situaci\u00f3n de los pap\u00e1s, estamos dando cumplimiento a la Convenci\u00f3n de Derechos del Ni\u00f1o y, adem\u00e1s, nos est\u00e1 convirtiendo en uno de los pa\u00edses m\u00e1s avanzados en esta materia\u00bb.<\/p>\n<\/p>\n<p>    Se estima que durante el segundo semestre ser\u00e1n m\u00e1s de 30.000 los ni\u00f1os, ni\u00f1as y adolescentes que ser\u00e1n beneficiados con este proceso, pudiendo acceder as\u00ed a los diferentes beneficios del Estado.<\/p>\n<\/p>\n<p>    Entre esos beneficios est\u00e1n la certificaci\u00f3n de los estudios realizados en el sistema educativo chileno y la Subvenci\u00f3n Escolar Preferencial, el Programa \u00abMe conecto\u00bb, el Programa de Apoyo Pedag\u00f3gico y el Pase escolar, alimentaci\u00f3n, textos escolares, uniforme y seguro escolar, as\u00ed como becas y gratuidad en la educaci\u00f3n superior.<\/p>\n<\/p>\n<p>   Los ni\u00f1os y adolescentes tambi\u00e9n podr\u00e1n acceder al Registro Social de Hogares y pol\u00edticas del Sistema Protecci\u00f3n Social, como \u00abChile Crece Contigo\u00bb y \u00abChile Seguridades y Oportunidades\u00bb y a la totalidad de las prestaciones del sistema de salud.<\/p>\n<\/p>\n<p>   El \u00abPlan Chile te Recibe\u00bb incluye otras medidas para facilitar los tr\u00e1mites que se exigen a todo migrante para regularizar su situaci\u00f3n. Se han focalizado 15 gobernaciones para el a\u00f1o 2017, fortaleciendo recursos humanos, tecnol\u00f3gicos y operativos. <\/p>\n<\/p>\n<p>   Se han implementado Oficinas M\u00f3viles de Extranjer\u00eda en Santiago, Iquique y Antofagasta, que ya han realizado unas 2.000 atenciones relacionadas con ingreso de solicitudes de visa, entrega de informaci\u00f3n sobre requisitos de visas temporarias y Permanencia Definitiva. <\/p>\n<\/p>\n<p>   Considerando que cada uno atiende en promedio 45 personas al d\u00eda, se proyecta que a diciembre de 2017 habr\u00e1n atendido a 15.500 migrantes. Fin<\/p>\n<h6> 2017-07-26 23:30:56 <\/h6>\n<p><!--\n<link rel=\"stylesheet\" href=\"css\/bootstrap.min.css\">\n\n\n<ul class=\"pagination\">\n\t    \n\t\n\n<li >\n\t<a href='?page_no=14281'>Previous<\/a>\n\t<\/li>\n\n\n       \n    \n\n<li><a href='?page_no=1'>1<\/a><\/li>\n\n\n\n<li><a href='?page_no=2'>2<\/a><\/li>\n\n\n\n<li><a>...<\/a><\/li>\n\n\n\n<li><a href='?page_no=14280'>14280<\/a><\/li>\n\n\n\n<li><a href='?page_no=14281'>14281<\/a><\/li>\n\n\n\n<li class='active'><a>14282<\/a><\/li>\n\n\n\n<li><a href='?page_no=14283'>14283<\/a><\/li>\n\n\n\n<li><a href='?page_no=14284'>14284<\/a><\/li>\n\n\n\n<li><a>...<\/a><\/li>\n\n\n\n<li><a href='?page_no=51012'>51012<\/a><\/li>\n\n\n\n<li><a href='?page_no=51013'>51013<\/a><\/li>\n\n    \n\t\n\n<li >\n\t<a href='?page_no=14283'>Next<\/a>\n\t<\/li>\n\n\n    \n\n<li><a href='?page_no=51013'>Last &rsaquo;&rsaquo;<\/a><\/li>\n\n<\/ul>\n\n\n--><br \/>\n<\/body><\/p>\n","protected":false},"excerpt":{"rendered":"<p>SANTIAGO, 26 jul (Xinhua) &#8212; La presidenta chilena, Michelle Bachelet, anunci\u00f3 hoy el inicio de la regularizaci\u00f3n de ni\u00f1os, ni\u00f1as y adolescentes migrantes en situaci\u00f3n irregular, mediante la creaci\u00f3n de una visa especial, sin costo para los menores de 18 a\u00f1os. Con ello se inici\u00f3 el Plan \u00abChile te Recibe\u00bb, el cual reconoce esa visa [&hellip;]<\/p>\n","protected":false},"author":3,"featured_media":0,"comment_status":"open","ping_status":"open","sticky":false,"template":"","format":"standard","meta":{"footnotes":""},"categories":[23],"tags":[],"class_list":["post-235029","post","type-post","status-publish","format-standard","hentry","category-internacional"],"_links":{"self":[{"href":"https:\/\/diariodominicano.com\/index.php?rest_route=\/wp\/v2\/posts\/235029","targetHints":{"allow":["GET"]}}],"collection":[{"href":"https:\/\/diariodominicano.com\/index.php?rest_route=\/wp\/v2\/posts"}],"about":[{"href":"https:\/\/diariodominicano.com\/index.php?rest_route=\/wp\/v2\/types\/post"}],"author":[{"embeddable":true,"href":"https:\/\/diariodominicano.com\/index.php?rest_route=\/wp\/v2\/users\/3"}],"replies":[{"embeddable":true,"href":"https:\/\/diariodominicano.com\/index.php?rest_route=%2Fwp%2Fv2%2Fcomments&post=235029"}],"version-history":[{"count":0,"href":"https:\/\/diariodominicano.com\/index.php?rest_route=\/wp\/v2\/posts\/235029\/revisions"}],"wp:attachment":[{"href":"https:\/\/diariodominicano.com\/index.php?rest_route=%2Fwp%2Fv2%2Fmedia&parent=235029"}],"wp:term":[{"taxonomy":"category","embeddable":true,"href":"https:\/\/diariodominicano.com\/index.php?rest_route=%2Fwp%2Fv2%2Fcategories&post=235029"},{"taxonomy":"post_tag","embeddable":true,"href":"https:\/\/diariodominicano.com\/index.php?rest_route=%2Fwp%2Fv2%2Ftags&post=235029"}],"curies":[{"name":"wp","href":"https:\/\/api.w.org\/{rel}","templated":true}]}}