{"id":235025,"date":"2017-07-27T13:08:51","date_gmt":"2017-07-27T13:08:51","guid":{"rendered":"http:\/\/diariodominicano.ddns.net\/?p=235025"},"modified":"2017-07-27T13:08:51","modified_gmt":"2017-07-27T13:08:51","slug":"reitera-onu-preocupacion-por-tensiones-en-jerusalen-oriental","status":"publish","type":"post","link":"https:\/\/diariodominicano.com\/?p=235025","title":{"rendered":"Reitera ONU preocupaci\u00f3n por tensiones en Jerusal\u00e9n Oriental"},"content":{"rendered":"<p><body><\/p>\n<p><img decoding=\"async\" src=\"img3\/guterres.jpg\" \/>  <\/p>\n<p><span class=\"text1noticias\">Naciones Unidas, 27 jul (PL) El secretario general de la ONU, Ant\u00f3nio Guterres, reiter\u00f3 hoy su preocupaci\u00f3n por la continuidad de las tensiones entre israel\u00edes y palestinos en torno a sitios religiosos sagrados en la Ciudad Vieja de la ocupada Jerusal\u00e9n Oriental.<\/span><\/p>\n<\/p>\n<p><span class=\"text1noticias\">En su segunda declaraci\u00f3n de los \u00faltimos d\u00edas, calific\u00f3 de esencial un pleno respeto al statu quo de los lugares sagrados, entre ellos la Mezquita de Al Aqsa, escenario de protestas palestinas en rechazo a las restricciones de acceso y la represi\u00f3n israel\u00edes.<\/span><\/p>\n<\/p>\n<p><span class=\"text1noticias\">Guterres insisti\u00f3 en que la actual situaci\u00f3n en la Ciudad Vieja tiene el potencial de provocar una escalada de la violencia, que incluir\u00eda la posibilidad de llevar el conflicto palestino-israel\u00ed al peligroso campo religioso.<\/span><\/p>\n<\/p>\n<p><span class=\"text1noticias\">Todos los l\u00edderes pol\u00edticos, religiosos y comunitarios deben abstenerse de la ejecuci\u00f3n de acciones provocativas o de discursos de odio, advirti\u00f3.<\/span><\/p>\n<\/p>\n<p><span class=\"text1noticias\">El secretario general inst\u00f3 en particular a Israel a mostrar cordura, al parecer en alusi\u00f3n a las denuncias de la represi\u00f3n de las fuerzas de seguridad ocupantes contra los manifestantes.<\/span><\/p>\n<\/p>\n<p><span class=\"text1noticias\">La crisis en curso estall\u00f3 el 14 de julio, cuando hombres armados dispararon a polic\u00edas apostados en los accesos a la Mezquita de Al Aqsa, con saldo de dos uniformados israel\u00edes y los tres palestinos atacantes muertos.<\/span><\/p>\n<\/p>\n<p><span class=\"text1noticias\">El presidente palestino, Mahmoud Abbas, conden\u00f3 el ataque y el primer ministro israel\u00ed, Benjamin Netanyahu, asegur\u00f3 que no se alterar\u00eda el estatu quo de los sitios sagrados de Jerusal\u00e9n Oriental.<\/span><\/p>\n<\/p>\n<p><span class=\"text1noticias\">Sin embargo, Tel Aviv coloc\u00f3 detectores de metales en la entrada de Al Aqsa, lo cual dispar\u00f3 las protestas.<\/span><\/p>\n<\/p>\n<p><span class=\"text1noticias\">Pese a que fueron retirados los detectores, el escenario contin\u00faa tenso, lo cual explica la preocupaci\u00f3n de Guterres y del Consejo de Seguridad.<\/span><\/p>\n<\/p>\n<p><span class=\"text1noticias\">Esta semana, el Consejo volvi\u00f3 a analizar el antiguo conflicto, y la inmensa mayor\u00eda de sus 15 miembros y de los otros pa\u00edses participantes en la reuni\u00f3n abogaron por la soluci\u00f3n de los dos Estados como \u00fanica salida viable. <\/span><\/p>\n<h6> 2017-07-27 13:08:51 <\/h6>\n<p><!--\n<link rel=\"stylesheet\" href=\"css\/bootstrap.min.css\">\n\n\n<ul class=\"pagination\">\n\t    \n\t\n\n<li >\n\t<a href='?page_no=14278'>Previous<\/a>\n\t<\/li>\n\n\n       \n    \n\n<li><a href='?page_no=1'>1<\/a><\/li>\n\n\n\n<li><a href='?page_no=2'>2<\/a><\/li>\n\n\n\n<li><a>...<\/a><\/li>\n\n\n\n<li><a href='?page_no=14277'>14277<\/a><\/li>\n\n\n\n<li><a href='?page_no=14278'>14278<\/a><\/li>\n\n\n\n<li class='active'><a>14279<\/a><\/li>\n\n\n\n<li><a href='?page_no=14280'>14280<\/a><\/li>\n\n\n\n<li><a href='?page_no=14281'>14281<\/a><\/li>\n\n\n\n<li><a>...<\/a><\/li>\n\n\n\n<li><a href='?page_no=51012'>51012<\/a><\/li>\n\n\n\n<li><a href='?page_no=51013'>51013<\/a><\/li>\n\n    \n\t\n\n<li >\n\t<a href='?page_no=14280'>Next<\/a>\n\t<\/li>\n\n\n    \n\n<li><a href='?page_no=51013'>Last &rsaquo;&rsaquo;<\/a><\/li>\n\n<\/ul>\n\n\n--><br \/>\n<\/body><\/p>\n","protected":false},"excerpt":{"rendered":"<p>Naciones Unidas, 27 jul (PL) El secretario general de la ONU, Ant\u00f3nio Guterres, reiter\u00f3 hoy su preocupaci\u00f3n por la continuidad de las tensiones entre israel\u00edes y palestinos en torno a sitios religiosos sagrados en la Ciudad Vieja de la ocupada Jerusal\u00e9n Oriental. En su segunda declaraci\u00f3n de los \u00faltimos d\u00edas, calific\u00f3 de esencial un pleno [&hellip;]<\/p>\n","protected":false},"author":3,"featured_media":0,"comment_status":"open","ping_status":"open","sticky":false,"template":"","format":"standard","meta":{"footnotes":""},"categories":[23],"tags":[],"class_list":["post-235025","post","type-post","status-publish","format-standard","hentry","category-internacional"],"_links":{"self":[{"href":"https:\/\/diariodominicano.com\/index.php?rest_route=\/wp\/v2\/posts\/235025","targetHints":{"allow":["GET"]}}],"collection":[{"href":"https:\/\/diariodominicano.com\/index.php?rest_route=\/wp\/v2\/posts"}],"about":[{"href":"https:\/\/diariodominicano.com\/index.php?rest_route=\/wp\/v2\/types\/post"}],"author":[{"embeddable":true,"href":"https:\/\/diariodominicano.com\/index.php?rest_route=\/wp\/v2\/users\/3"}],"replies":[{"embeddable":true,"href":"https:\/\/diariodominicano.com\/index.php?rest_route=%2Fwp%2Fv2%2Fcomments&post=235025"}],"version-history":[{"count":0,"href":"https:\/\/diariodominicano.com\/index.php?rest_route=\/wp\/v2\/posts\/235025\/revisions"}],"wp:attachment":[{"href":"https:\/\/diariodominicano.com\/index.php?rest_route=%2Fwp%2Fv2%2Fmedia&parent=235025"}],"wp:term":[{"taxonomy":"category","embeddable":true,"href":"https:\/\/diariodominicano.com\/index.php?rest_route=%2Fwp%2Fv2%2Fcategories&post=235025"},{"taxonomy":"post_tag","embeddable":true,"href":"https:\/\/diariodominicano.com\/index.php?rest_route=%2Fwp%2Fv2%2Ftags&post=235025"}],"curies":[{"name":"wp","href":"https:\/\/api.w.org\/{rel}","templated":true}]}}