{"id":235024,"date":"2017-07-27T13:13:35","date_gmt":"2017-07-27T13:13:35","guid":{"rendered":"http:\/\/diariodominicano.ddns.net\/?p=235024"},"modified":"2017-07-27T13:13:35","modified_gmt":"2017-07-27T13:13:35","slug":"ejercito-canadiense-responde-a-trump-con-invitacion-a-transexuales","status":"publish","type":"post","link":"https:\/\/diariodominicano.com\/?p=235024","title":{"rendered":"Ej\u00e9rcito canadiense responde a Trump con invitaci\u00f3n a transexuales"},"content":{"rendered":"<p><body><\/p>\n<p><span class=\"text1noticias\">Ottawa, 27 jul (PL) Mientras la decisi\u00f3n del presidente Donald Trump de vetar a los transexuales de las Fuerzas Armas estadounidenses acrecienta hoy muchas cr\u00edticas, el Ej\u00e9rcito canadiense invit\u00f3 a personas con cualquier orientaci\u00f3n sexual a unirse a sus filas.<\/span><\/p>\n<\/p>\n<p><span class=\"text1noticias\">&#8216;Luego de consultar con mis generales y expertos militares, el Gobierno de Estados Unidos no aceptar\u00e1 ni permitir\u00e1 personas transg\u00e9neros en ninguna capacidad del Ej\u00e9rcito&#8217;, escribi\u00f3 el gobernante republicano este mi\u00e9rcoles en su cuenta de la red social Twitter.<\/span><\/p>\n<\/p>\n<p><span class=\"text1noticias\">Tal anuncio provoc\u00f3 de inmediato las reacciones de rechazo de activistas, miembros de la comunidad LGBT, pol\u00edticos, legisladores y organizaciones de derecho civiles.<\/span><\/p>\n<\/p>\n<p><span class=\"text1noticias\">En contraste con tal postura, las Fuerzas Armadas de Canad\u00e1 publicaron un tuit en el cual manifestaron: &#8216;Damos la bienvenida a canadienses de cualquier orientaci\u00f3n sexual o identidad de g\u00e9nero, \u00c2\u00ed\u00fanete!&#8217; <\/span><\/p>\n<\/p>\n<p><span class=\"text1noticias\">Tal mensaje est\u00e1 acompa\u00f1ado por una foto de la Banda de la Marina Real Canadiense, en la cual desfila con banderas del arco\u00edris en una de las celebraciones del D\u00eda del Orgullo Gay en la ciudad de Toronto.<\/span><\/p>\n<\/p>\n<p><span class=\"text1noticias\">Adem\u00e1s, el texto incluy\u00f3 la etiqueta #DiversityIsOurStrength (la diversidad es nuestra fuerza) y un enlace a una p\u00e1gina web en la que se informa sobre oportunidades laborales y profesionales en sus filas.<\/span><\/p>\n<\/p>\n<p><span class=\"text1noticias\">Jordan Owens, portavoz del ministro de Defensa, Harjit Sajjan, manifest\u00f3 en un comunicado difundido por el portal CBC News que el gobierno de Justin Trudeau est\u00e1 totalmente comprometido con construir un equipo de seguridad que &#8216;refleje los ideales canadienses de diversidad, respeto e inclusi\u00f3n&#8217;.<\/span><\/p>\n<\/p>\n<p><span class=\"text1noticias\">De acuerdo con el medio, una pol\u00edtica de febrero de 2011 aborda el tema de los miembros transexuales y ofrece orientaciones a oficiales de mando y liderazgo en todos los niveles para prevenir la discriminaci\u00f3n y el acoso, y asegurar que todos los integrantes sean tratados con dignidad y respeto.<\/span><\/p>\n<\/p>\n<p><span class=\"text1noticias\">Se calcula que hay unos 200 transexuales en las Fuerzas Armadas canadienses, y seg\u00fan CBC News, de 2008 a 2015 el Departamento de Defensa pag\u00f3 por cirug\u00edas de reasignaci\u00f3n de sexo de 19 de ellos, por un costo total de 319 mil d\u00f3lares.<\/span><\/p>\n<\/p>\n<p><span class=\"text1noticias\">En el caso de Estados Unidos se estima que hay alrededor de dos mil 500 soldados transexuales en activo y mil 500 en reserva.<\/span><\/p>\n<h6> 2017-07-27 13:13:35 <\/h6>\n<p><!--\n<link rel=\"stylesheet\" href=\"css\/bootstrap.min.css\">\n\n\n<ul class=\"pagination\">\n\t    \n\t\n\n<li >\n\t<a href='?page_no=14277'>Previous<\/a>\n\t<\/li>\n\n\n       \n    \n\n<li><a href='?page_no=1'>1<\/a><\/li>\n\n\n\n<li><a href='?page_no=2'>2<\/a><\/li>\n\n\n\n<li><a>...<\/a><\/li>\n\n\n\n<li><a href='?page_no=14276'>14276<\/a><\/li>\n\n\n\n<li><a href='?page_no=14277'>14277<\/a><\/li>\n\n\n\n<li class='active'><a>14278<\/a><\/li>\n\n\n\n<li><a href='?page_no=14279'>14279<\/a><\/li>\n\n\n\n<li><a href='?page_no=14280'>14280<\/a><\/li>\n\n\n\n<li><a>...<\/a><\/li>\n\n\n\n<li><a href='?page_no=51012'>51012<\/a><\/li>\n\n\n\n<li><a href='?page_no=51013'>51013<\/a><\/li>\n\n    \n\t\n\n<li >\n\t<a href='?page_no=14279'>Next<\/a>\n\t<\/li>\n\n\n    \n\n<li><a href='?page_no=51013'>Last &rsaquo;&rsaquo;<\/a><\/li>\n\n<\/ul>\n\n\n--><br \/>\n<\/body><\/p>\n","protected":false},"excerpt":{"rendered":"<p>Ottawa, 27 jul (PL) Mientras la decisi\u00f3n del presidente Donald Trump de vetar a los transexuales de las Fuerzas Armas estadounidenses acrecienta hoy muchas cr\u00edticas, el Ej\u00e9rcito canadiense invit\u00f3 a personas con cualquier orientaci\u00f3n sexual a unirse a sus filas. &#8216;Luego de consultar con mis generales y expertos militares, el Gobierno de Estados Unidos no [&hellip;]<\/p>\n","protected":false},"author":3,"featured_media":0,"comment_status":"open","ping_status":"open","sticky":false,"template":"","format":"standard","meta":{"footnotes":""},"categories":[23],"tags":[],"class_list":["post-235024","post","type-post","status-publish","format-standard","hentry","category-internacional"],"_links":{"self":[{"href":"https:\/\/diariodominicano.com\/index.php?rest_route=\/wp\/v2\/posts\/235024","targetHints":{"allow":["GET"]}}],"collection":[{"href":"https:\/\/diariodominicano.com\/index.php?rest_route=\/wp\/v2\/posts"}],"about":[{"href":"https:\/\/diariodominicano.com\/index.php?rest_route=\/wp\/v2\/types\/post"}],"author":[{"embeddable":true,"href":"https:\/\/diariodominicano.com\/index.php?rest_route=\/wp\/v2\/users\/3"}],"replies":[{"embeddable":true,"href":"https:\/\/diariodominicano.com\/index.php?rest_route=%2Fwp%2Fv2%2Fcomments&post=235024"}],"version-history":[{"count":0,"href":"https:\/\/diariodominicano.com\/index.php?rest_route=\/wp\/v2\/posts\/235024\/revisions"}],"wp:attachment":[{"href":"https:\/\/diariodominicano.com\/index.php?rest_route=%2Fwp%2Fv2%2Fmedia&parent=235024"}],"wp:term":[{"taxonomy":"category","embeddable":true,"href":"https:\/\/diariodominicano.com\/index.php?rest_route=%2Fwp%2Fv2%2Fcategories&post=235024"},{"taxonomy":"post_tag","embeddable":true,"href":"https:\/\/diariodominicano.com\/index.php?rest_route=%2Fwp%2Fv2%2Ftags&post=235024"}],"curies":[{"name":"wp","href":"https:\/\/api.w.org\/{rel}","templated":true}]}}