{"id":235023,"date":"2017-07-27T13:34:07","date_gmt":"2017-07-27T13:34:07","guid":{"rendered":"http:\/\/diariodominicano.ddns.net\/?p=235023"},"modified":"2017-07-27T13:34:07","modified_gmt":"2017-07-27T13:34:07","slug":"violencia-se-le-va-de-las-manos-a-ultraderecha-opositora-venezolana","status":"publish","type":"post","link":"https:\/\/diariodominicano.com\/?p=235023","title":{"rendered":"Violencia se le va de las manos a ultraderecha opositora venezolana"},"content":{"rendered":"<p><body><\/p>\n<p><img decoding=\"async\" src=\"img3\/Chicago-Venezuela.jpg\" \/>  <\/p>\n<p><span class=\"text1noticias\">Por Miguel Fern\u00e1ndez Mart\u00ednez<\/span><\/p>\n<\/p>\n<p><span class=\"text1noticias\">Caracas, 27 jul (PL) Un reciente art\u00edculo publicado por el diario Chicago Tribune confirm\u00f3 las acusaciones del gobierno venezolano y desminti\u00f3 los argumentos manejados por la ultraderecha, acerca del supuesto car\u00e1cter pac\u00edfico de las protestas que sacuden violentamente a esta naci\u00f3n suramericana.<\/span><\/p>\n<\/p>\n<p><span class=\"text1noticias\">Bajo el t\u00edtulo They all deserve to die: Caracas militants vow to take up arms (Todos merecen morir: militantes de Caracas juran tomar las armas), el Chicago Tribune, por primera vez, presenta la cara violenta de la oposici\u00f3n en Venezuela, despu\u00e9s de meses de una feroz campa\u00f1a medi\u00e1tica dise\u00f1ada por los grandes c\u00edrculos del poder informativo.<\/span><\/p>\n<\/p>\n<p><span class=\"text1noticias\">De hecho, el peri\u00f3dico estadounidense reproduce voces de l\u00edderes de la ultraderecha opositora, que reconocen que esa violencia desmedida se le ha ido de las manos, aceptando de plano que la emplearon como un m\u00e9todo de presi\u00f3n para echar a andar su maquinaria golpista, que dej\u00f3 hasta ahora casi un centenar de v\u00edctimas fatales.<\/span><\/p>\n<\/p>\n<p><span class=\"text1noticias\">Ram\u00f3n Muchacho, alcalde del municipio Chacao, centro neur\u00e1lgico de las protestas antigubernamentales, y uno de los principales instigadores de estos grupos vand\u00e1licos, opin\u00f3 al Chicago Tribune que la acci\u00f3n fascista de estas bandas agresivas &#8216;ya ha ido demasiado lejos&#8217;, generando &#8216;un elemento de anarqu\u00eda&#8217;.<\/span><\/p>\n<\/p>\n<p><span class=\"text1noticias\">Tambi\u00e9n expres\u00f3 su &#8216;alarma&#8217; el diputado \u00c1ngel Alvarado, del partido Primero Justicia, otro de los ejes golpistas en Venezuela, quien afirm\u00f3 que &#8216;no sabemos exactamente c\u00f3mo controlarlos y tenemos miedo de que se puedan salir de las manos y da\u00f1ar nuestra lucha&#8217;.<\/span><\/p>\n<\/p>\n<p><span class=\"text1noticias\">&#8216;Estos muchachos radicales -refiri\u00e9ndose a los miembros de los grupos violentos- son un peligro&#8217;, coment\u00f3 Alvarado al diario estadounidense.<\/span><\/p>\n<\/p>\n<p><span class=\"text1noticias\">La periodista Noris Soto, corresponsal de Bloomberg, que firma la nota publicada en el Chicago Tribune, describi\u00f3 a estos grupos fascistas que tranquilamente &#8216;en un s\u00f3tano h\u00famedo del noroeste de Caracas, docenas de j\u00f3venes se sientan en el suelo y ensamblan sus armas. Vierten asfalto, gasolina y pintura en botellas de cerveza, y atan nudos en tiras de tela para hacer mechas&#8217;, dispuestos a matar.<\/span><\/p>\n<\/p>\n<p><span class=\"text1noticias\">&#8216;Todos merecen morir&#8217;, respondieron escuetamente a la reportera, refiri\u00e9ndose a los chavistas (seguidores del gobierno bolivariano) y a los cuerpos de seguridad que intentan proteger a la poblaci\u00f3n civil de estos desmanes.<\/span><\/p>\n<\/p>\n<p><span class=\"text1noticias\">&#8216;Los activistas enmascarados -agrega el art\u00edculo- lanzan sus bombas caseras, rocas, jarras llenas de heces fecales, cualquier cosa que puedan conseguir. Han asaltado edificios de oficinas, destruido las ventanas de las tiendas y bloqueado los caminos&#8217;.<\/span><\/p>\n<\/p>\n<p><span class=\"text1noticias\">El peri\u00f3dico norteamericano tambi\u00e9n cita a un comerciante, Fernando Fern\u00e1ndez, due\u00f1o de una tienda de licores en Caracas, afectado por estos grupos violentos.<\/span><\/p>\n<\/p>\n<p><span class=\"text1noticias\">&#8216;Son iguales a los saqueadores que usan m\u00e1scaras cuando saquean tiendas. Son delincuentes explotando el caos en la calle, dijo Fern\u00e1ndez, quien agreg\u00f3 que una docena de ellos rompieron la vidriera de su negocio y se llevaron el licor.<\/span><\/p>\n<\/p>\n<p><span class=\"text1noticias\">&#8216;Esta es la primera vez que ocurre algo como esto&#8217;, afirm\u00f3. &#8216;Ellos no eran la resistencia, eran matones&#8217;.<\/span><\/p>\n<\/p>\n<p><span class=\"text1noticias\">La versi\u00f3n que acaba de publicar el Chicago Tribune, que presenta la verdadera cara de esta violencia generada por la coalici\u00f3n derechista Mesa de la Unidad Democr\u00e1tica (MUD), en su af\u00e1n por derrocar al gobierno constitucional que preside Nicol\u00e1s Maduro, puso en evidencia los argumentos esgrimidos hasta hoy por una prensa parcializada con los intereses hegem\u00f3nicos que se desbordan contra Venezuela.<\/span><\/p>\n<\/p>\n<p><span class=\"text1noticias\">Todo indica, m\u00e1s de cien d\u00edas despu\u00e9s de intentar desestabilizar a una naci\u00f3n, que esa violencia, puede convertirse en un boomerang contra los mismos que la engendraron.<\/span><\/p>\n<h6> 2017-07-27 13:34:07 <\/h6>\n<p><!--\n<link rel=\"stylesheet\" href=\"css\/bootstrap.min.css\">\n\n\n<ul class=\"pagination\">\n\t    \n\t\n\n<li >\n\t<a href='?page_no=14276'>Previous<\/a>\n\t<\/li>\n\n\n       \n    \n\n<li><a href='?page_no=1'>1<\/a><\/li>\n\n\n\n<li><a href='?page_no=2'>2<\/a><\/li>\n\n\n\n<li><a>...<\/a><\/li>\n\n\n\n<li><a href='?page_no=14275'>14275<\/a><\/li>\n\n\n\n<li><a href='?page_no=14276'>14276<\/a><\/li>\n\n\n\n<li class='active'><a>14277<\/a><\/li>\n\n\n\n<li><a href='?page_no=14278'>14278<\/a><\/li>\n\n\n\n<li><a href='?page_no=14279'>14279<\/a><\/li>\n\n\n\n<li><a>...<\/a><\/li>\n\n\n\n<li><a href='?page_no=51012'>51012<\/a><\/li>\n\n\n\n<li><a href='?page_no=51013'>51013<\/a><\/li>\n\n    \n\t\n\n<li >\n\t<a href='?page_no=14278'>Next<\/a>\n\t<\/li>\n\n\n    \n\n<li><a href='?page_no=51013'>Last &rsaquo;&rsaquo;<\/a><\/li>\n\n<\/ul>\n\n\n--><br \/>\n<\/body><\/p>\n","protected":false},"excerpt":{"rendered":"<p>Por Miguel Fern\u00e1ndez Mart\u00ednez Caracas, 27 jul (PL) Un reciente art\u00edculo publicado por el diario Chicago Tribune confirm\u00f3 las acusaciones del gobierno venezolano y desminti\u00f3 los argumentos manejados por la ultraderecha, acerca del supuesto car\u00e1cter pac\u00edfico de las protestas que sacuden violentamente a esta naci\u00f3n suramericana. Bajo el t\u00edtulo They all deserve to die: Caracas [&hellip;]<\/p>\n","protected":false},"author":3,"featured_media":0,"comment_status":"open","ping_status":"open","sticky":false,"template":"","format":"standard","meta":{"footnotes":""},"categories":[23],"tags":[],"class_list":["post-235023","post","type-post","status-publish","format-standard","hentry","category-internacional"],"_links":{"self":[{"href":"https:\/\/diariodominicano.com\/index.php?rest_route=\/wp\/v2\/posts\/235023","targetHints":{"allow":["GET"]}}],"collection":[{"href":"https:\/\/diariodominicano.com\/index.php?rest_route=\/wp\/v2\/posts"}],"about":[{"href":"https:\/\/diariodominicano.com\/index.php?rest_route=\/wp\/v2\/types\/post"}],"author":[{"embeddable":true,"href":"https:\/\/diariodominicano.com\/index.php?rest_route=\/wp\/v2\/users\/3"}],"replies":[{"embeddable":true,"href":"https:\/\/diariodominicano.com\/index.php?rest_route=%2Fwp%2Fv2%2Fcomments&post=235023"}],"version-history":[{"count":0,"href":"https:\/\/diariodominicano.com\/index.php?rest_route=\/wp\/v2\/posts\/235023\/revisions"}],"wp:attachment":[{"href":"https:\/\/diariodominicano.com\/index.php?rest_route=%2Fwp%2Fv2%2Fmedia&parent=235023"}],"wp:term":[{"taxonomy":"category","embeddable":true,"href":"https:\/\/diariodominicano.com\/index.php?rest_route=%2Fwp%2Fv2%2Fcategories&post=235023"},{"taxonomy":"post_tag","embeddable":true,"href":"https:\/\/diariodominicano.com\/index.php?rest_route=%2Fwp%2Fv2%2Ftags&post=235023"}],"curies":[{"name":"wp","href":"https:\/\/api.w.org\/{rel}","templated":true}]}}