{"id":235017,"date":"2017-07-27T15:31:51","date_gmt":"2017-07-27T15:31:51","guid":{"rendered":"http:\/\/diariodominicano.ddns.net\/?p=235017"},"modified":"2017-07-27T15:31:51","modified_gmt":"2017-07-27T15:31:51","slug":"ejercito-sirio-y-milicias-aliadas-prosiguen-ofensiva-en-deir-ezzor","status":"publish","type":"post","link":"https:\/\/diariodominicano.com\/?p=235017","title":{"rendered":"Ej\u00e9rcito sirio y milicias aliadas prosiguen ofensiva en Deir Ezzor"},"content":{"rendered":"<p><body><\/p>\n<p><img decoding=\"async\" src=\"img3\/siria-ofensiva-deirEzzor.jpg\" \/>  <\/p>\n<\/p>\n<p>Damasco, 27 jul (PL) Unidades del Ej\u00e9rcito sirio y milicias aliadas prosiguen la ofensiva hacia Deir Ezzor contra efectivos del grupo terrorista Estado Isl\u00e1mico, Da\u00e9sh, seg\u00fan reportan hoy fuentes militares en Damasco.<\/p>\n<\/p>\n<p>Al mismo tiempo, los efectivos de las Fuerzas Armadas sirias desde la propia ciudad a unos 350 kil\u00f3metros al noreste de Damasco, rechazan ataques de los extremistas en la zonas de Al Bagheliya, al Makaber y en \u00e1reas cercanas al aeropuerto local.<\/p>\n<\/p>\n<p>Videos divulgados en internet y el sitio de Al Masdar, entre otros, muestran im\u00e1genes de las dif\u00edciles condiciones de combate en medio de zonas des\u00e9rticas con temperaturas que sobrepasan los 42 grados cent\u00edgrados.<\/p>\n<\/p>\n<p>Los reportes rese\u00f1an el apoyo de la aviaci\u00f3n propia y de Rusia para el avance de las unidades terrestres y los blindados hacia Deir Ezzor, sitiada desde hace a\u00f1os por los grupos terroristas, ahora acosados en un estrecho frente da combate.<\/p>\n<\/p>\n<p>Asimismo, fueron difundidas informaciones que se\u00f1alan enfrentamientos de pobladores a los elementos del Daesh en \u00e1reas de Abu Kamal, Suedian y Al Yalaa, cercanas a la mencionada ciudad.<\/p>\n<\/p>\n<p>Los terroristas, que han perdido en las \u00faltimas semanas cerca del 50 por ciento del territorio que ocupaban en la regi\u00f3n, intentan resistir en Al Sukhnah, la \u00faltima poblaci\u00f3n que controlan al este de la provincia de Homs, en la frontera administrativa con Deir Ezzor.<\/p>\n<h6> 2017-07-27 15:31:51 <\/h6>\n<p><!--\n<link rel=\"stylesheet\" href=\"css\/bootstrap.min.css\">\n\n\n<ul class=\"pagination\">\n\t    \n\t\n\n<li >\n\t<a href='?page_no=14270'>Previous<\/a>\n\t<\/li>\n\n\n       \n    \n\n<li><a href='?page_no=1'>1<\/a><\/li>\n\n\n\n<li><a href='?page_no=2'>2<\/a><\/li>\n\n\n\n<li><a>...<\/a><\/li>\n\n\n\n<li><a href='?page_no=14269'>14269<\/a><\/li>\n\n\n\n<li><a href='?page_no=14270'>14270<\/a><\/li>\n\n\n\n<li class='active'><a>14271<\/a><\/li>\n\n\n\n<li><a href='?page_no=14272'>14272<\/a><\/li>\n\n\n\n<li><a href='?page_no=14273'>14273<\/a><\/li>\n\n\n\n<li><a>...<\/a><\/li>\n\n\n\n<li><a href='?page_no=51012'>51012<\/a><\/li>\n\n\n\n<li><a href='?page_no=51013'>51013<\/a><\/li>\n\n    \n\t\n\n<li >\n\t<a href='?page_no=14272'>Next<\/a>\n\t<\/li>\n\n\n    \n\n<li><a href='?page_no=51013'>Last &rsaquo;&rsaquo;<\/a><\/li>\n\n<\/ul>\n\n\n--><br \/>\n<\/body><\/p>\n","protected":false},"excerpt":{"rendered":"<p>Damasco, 27 jul (PL) Unidades del Ej\u00e9rcito sirio y milicias aliadas prosiguen la ofensiva hacia Deir Ezzor contra efectivos del grupo terrorista Estado Isl\u00e1mico, Da\u00e9sh, seg\u00fan reportan hoy fuentes militares en Damasco. Al mismo tiempo, los efectivos de las Fuerzas Armadas sirias desde la propia ciudad a unos 350 kil\u00f3metros al noreste de Damasco, rechazan [&hellip;]<\/p>\n","protected":false},"author":3,"featured_media":0,"comment_status":"open","ping_status":"open","sticky":false,"template":"","format":"standard","meta":{"footnotes":""},"categories":[23],"tags":[],"class_list":["post-235017","post","type-post","status-publish","format-standard","hentry","category-internacional"],"_links":{"self":[{"href":"https:\/\/diariodominicano.com\/index.php?rest_route=\/wp\/v2\/posts\/235017","targetHints":{"allow":["GET"]}}],"collection":[{"href":"https:\/\/diariodominicano.com\/index.php?rest_route=\/wp\/v2\/posts"}],"about":[{"href":"https:\/\/diariodominicano.com\/index.php?rest_route=\/wp\/v2\/types\/post"}],"author":[{"embeddable":true,"href":"https:\/\/diariodominicano.com\/index.php?rest_route=\/wp\/v2\/users\/3"}],"replies":[{"embeddable":true,"href":"https:\/\/diariodominicano.com\/index.php?rest_route=%2Fwp%2Fv2%2Fcomments&post=235017"}],"version-history":[{"count":0,"href":"https:\/\/diariodominicano.com\/index.php?rest_route=\/wp\/v2\/posts\/235017\/revisions"}],"wp:attachment":[{"href":"https:\/\/diariodominicano.com\/index.php?rest_route=%2Fwp%2Fv2%2Fmedia&parent=235017"}],"wp:term":[{"taxonomy":"category","embeddable":true,"href":"https:\/\/diariodominicano.com\/index.php?rest_route=%2Fwp%2Fv2%2Fcategories&post=235017"},{"taxonomy":"post_tag","embeddable":true,"href":"https:\/\/diariodominicano.com\/index.php?rest_route=%2Fwp%2Fv2%2Ftags&post=235017"}],"curies":[{"name":"wp","href":"https:\/\/api.w.org\/{rel}","templated":true}]}}