{"id":235007,"date":"2017-07-28T14:11:01","date_gmt":"2017-07-28T14:11:01","guid":{"rendered":"http:\/\/diariodominicano.ddns.net\/?p=235007"},"modified":"2017-07-28T14:11:01","modified_gmt":"2017-07-28T14:11:01","slug":"anuncian-cierre-de-centro-de-desradicalizacion-extremista-en-francia","status":"publish","type":"post","link":"https:\/\/diariodominicano.com\/?p=235007","title":{"rendered":"Anuncian cierre de centro de desradicalizaci\u00f3n extremista en Francia"},"content":{"rendered":"<p><body><\/p>\n<p><strong>Par\u00eds, 28 jul (PL) <\/strong>El ministro del Interior de Francia, G\u00e9rard Collomb, anunci\u00f3 hoy el cierre del \u00fanico centro de desradicalizaci\u00f3n extremista existente en el pa\u00eds, debido a la falta de participaci\u00f3n.<\/p>\n<\/p>\n<p>El funcionario gubernamental reconoci\u00f3 que el experimento, realizado en Pontourny, en la localidad de Beaumont-en-Veron, no result\u00f3 tener \u00e9xito, por lo que el gobierno decidi\u00f3 ponerle fin.<\/p>\n<\/p>\n<p>Ese local fue abierto en septiembre de 2016 con una capacidad para 25 personas, pero ya no acog\u00eda internos desde febrero.<\/p>\n<\/p>\n<p>Seg\u00fan Collomb, el sitio solo recibi\u00f3 nueve internos, de los cuales ninguno sigui\u00f3 el programa hasta el final.<\/p>\n<\/p>\n<p>No obstante, el ministro indic\u00f3 que este cierre no significa &#8216;el abandono de una pol\u00edtica de atenci\u00f3n a los individuos en v\u00edas de radicalizaci\u00f3n en estructuras adaptadas&#8217;.<\/p>\n<\/p>\n<p>Al respecto, a\u00f1adi\u00f3 que &#8216;el gobierno estudiar\u00e1 la posibilidad de abrir estructuras de peque\u00f1o tama\u00f1o&#8217; para desarrollar soluciones alternativas al encarcelamiento.<\/p>\n<\/p>\n<p>Medios locales aputan que la clausura de esta instalaci\u00f3n fue provocada en parte por la publicaci\u00f3n, el pasado 12 de julio, de informe del Senado, el cual critica duramente la pol\u00edtica de desradicalizaci\u00f3n llevada a cabo en Francia y ped\u00eda especialmente el cierre del centro de Pontourny.<\/p>\n<\/p>\n<p>Otro hecho que provoc\u00f3 gran indignaci\u00f3n respecto a este lugar fue la acusaci\u00f3n y detenci\u00f3n de un sujeto residente en el centro, miembro de una filial extremista que quer\u00eda viajar a la zona de Siria e Irak.<\/p>\n<\/p>\n<p>lma\/rps<\/p>\n<h6> 2017-07-28 14:11:01 <\/h6>\n<p><!--\n<link rel=\"stylesheet\" href=\"css\/bootstrap.min.css\">\n\n\n<ul class=\"pagination\">\n\t    \n\t\n\n<li >\n\t<a href='?page_no=14261'>Previous<\/a>\n\t<\/li>\n\n\n       \n    \n\n<li><a href='?page_no=1'>1<\/a><\/li>\n\n\n\n<li><a href='?page_no=2'>2<\/a><\/li>\n\n\n\n<li><a>...<\/a><\/li>\n\n\n\n<li><a href='?page_no=14260'>14260<\/a><\/li>\n\n\n\n<li><a href='?page_no=14261'>14261<\/a><\/li>\n\n\n\n<li class='active'><a>14262<\/a><\/li>\n\n\n\n<li><a href='?page_no=14263'>14263<\/a><\/li>\n\n\n\n<li><a href='?page_no=14264'>14264<\/a><\/li>\n\n\n\n<li><a>...<\/a><\/li>\n\n\n\n<li><a href='?page_no=51012'>51012<\/a><\/li>\n\n\n\n<li><a href='?page_no=51013'>51013<\/a><\/li>\n\n    \n\t\n\n<li >\n\t<a href='?page_no=14263'>Next<\/a>\n\t<\/li>\n\n\n    \n\n<li><a href='?page_no=51013'>Last &rsaquo;&rsaquo;<\/a><\/li>\n\n<\/ul>\n\n\n--><br \/>\n<\/body><\/p>\n","protected":false},"excerpt":{"rendered":"<p>Par\u00eds, 28 jul (PL) El ministro del Interior de Francia, G\u00e9rard Collomb, anunci\u00f3 hoy el cierre del \u00fanico centro de desradicalizaci\u00f3n extremista existente en el pa\u00eds, debido a la falta de participaci\u00f3n. El funcionario gubernamental reconoci\u00f3 que el experimento, realizado en Pontourny, en la localidad de Beaumont-en-Veron, no result\u00f3 tener \u00e9xito, por lo que el [&hellip;]<\/p>\n","protected":false},"author":3,"featured_media":0,"comment_status":"open","ping_status":"open","sticky":false,"template":"","format":"standard","meta":{"footnotes":""},"categories":[23],"tags":[],"class_list":["post-235007","post","type-post","status-publish","format-standard","hentry","category-internacional"],"_links":{"self":[{"href":"https:\/\/diariodominicano.com\/index.php?rest_route=\/wp\/v2\/posts\/235007","targetHints":{"allow":["GET"]}}],"collection":[{"href":"https:\/\/diariodominicano.com\/index.php?rest_route=\/wp\/v2\/posts"}],"about":[{"href":"https:\/\/diariodominicano.com\/index.php?rest_route=\/wp\/v2\/types\/post"}],"author":[{"embeddable":true,"href":"https:\/\/diariodominicano.com\/index.php?rest_route=\/wp\/v2\/users\/3"}],"replies":[{"embeddable":true,"href":"https:\/\/diariodominicano.com\/index.php?rest_route=%2Fwp%2Fv2%2Fcomments&post=235007"}],"version-history":[{"count":0,"href":"https:\/\/diariodominicano.com\/index.php?rest_route=\/wp\/v2\/posts\/235007\/revisions"}],"wp:attachment":[{"href":"https:\/\/diariodominicano.com\/index.php?rest_route=%2Fwp%2Fv2%2Fmedia&parent=235007"}],"wp:term":[{"taxonomy":"category","embeddable":true,"href":"https:\/\/diariodominicano.com\/index.php?rest_route=%2Fwp%2Fv2%2Fcategories&post=235007"},{"taxonomy":"post_tag","embeddable":true,"href":"https:\/\/diariodominicano.com\/index.php?rest_route=%2Fwp%2Fv2%2Ftags&post=235007"}],"curies":[{"name":"wp","href":"https:\/\/api.w.org\/{rel}","templated":true}]}}