{"id":235001,"date":"2017-07-29T01:05:17","date_gmt":"2017-07-29T01:05:17","guid":{"rendered":"http:\/\/diariodominicano.ddns.net\/?p=235001"},"modified":"2017-07-29T01:05:17","modified_gmt":"2017-07-29T01:05:17","slug":"brasil-desplegara-mas-de-10-000-militares-y-policias-en-rio-de-janeiro-para-contener-violencia","status":"publish","type":"post","link":"https:\/\/diariodominicano.com\/?p=235001","title":{"rendered":"Brasil desplegar\u00e1 m\u00e1s de 10.000 militares y polic\u00edas en R\u00edo de Janeiro para contener violencia"},"content":{"rendered":"<p><body><\/p>\n<\/p>\n<p><strong>   RIO DE JANEIRO, 28 jul (Xinhua) &#8211;<\/strong>&#8211; El gobierno brasile\u00f1o anunci\u00f3 hoy que enviar\u00e1 10.240 militares y polic\u00edas al estado de R\u00edo de Janeiro (sureste) para contener la ola de violencia que vive la regi\u00f3n, la m\u00e1s tur\u00edstica del pa\u00eds. <\/p>\n<\/p>\n<p>   El ministro brasile\u00f1o de Defensa, Raul Jungmann, dijo que el presidente Michel Temer ya aprob\u00f3 el decreto que permite el env\u00edo de 8.500 militares, 620 agentes de la Fuerza Nacional y 380 de la Polic\u00eda de Carreteras Federal y otros 740 agentes de carretera, todos ellos permanecer\u00e1n hasta finales de 2018. <\/p>\n<\/p>\n<p>   Seg\u00fan Jungmann, las Fuerza Armadas ser\u00e1n usadas en operaciones puntuales para combatir el crimen organizado, pero tambi\u00e9n reforzar\u00e1n las tareas de vigilancia que realiza la polic\u00eda. <\/p>\n<\/p>\n<p>   \u00abLos militares no participar\u00e1n en ocupaciones de favelas, como en anteriores ocasiones. Ser\u00e1n usados como \u00faltimo recurso siempre y cuando sea necesario. Pero no descartamos que tambi\u00e9n ayuden a patrullar las calles\u00bb, afirm\u00f3 Jungmann. <\/p>\n<\/p>\n<p>   El gobernador de R\u00edo de Janeiro, Luiz Fernando Pezao, y el alcalde de R\u00edo de Janeiro, Marcelo Crivella, solicitaron a finales de junio ayuda federal para contener la ola de violencia en el estado m\u00e1s tur\u00edstico de Brasil, que enfrenta una grave crisis econ\u00f3mica. <\/p>\n<\/p>\n<p>   El ministro Jungmann asegur\u00f3 que aunque la ayuda es para todos los municipios del estado, \u00e9sta estar\u00e1 centrada en R\u00edo de Janeiro, la segunda ciudad m\u00e1s poblada de Brasil, despu\u00e9s de Sao Paulo, y su \u00e1rea metropolitana. <\/p>\n<\/p>\n<p>   R\u00edo de Janeiro sufre una grave crisis econ\u00f3mica a ra\u00edz de la ca\u00edda de los precios del petr\u00f3leo y de una red de corrupci\u00f3n hecha p\u00fablica en 2014 que desvi\u00f3 cientos de millones de d\u00f3lares, lo cual oblig\u00f3 a las autoridades a declarar en 2016 el estado de calamidad financiera (quiebra) por carecer de recursos para cumplir las obligaciones del gobierno.<\/p>\n<\/p>\n<p>   La falta de dinero se tradujo en una menor presencia de agentes de polic\u00eda en las calles, lo cual coincidi\u00f3 con un aumento de violencia, robos y asaltos. <\/p>\n<\/p>\n<p>   Apenas este a\u00f1o, 91 polic\u00edas murieron asesinados en R\u00edo de Janeiro. Fin<\/p>\n<h6> 2017-07-29 01:05:17 <\/h6>\n<p><!--\n<link rel=\"stylesheet\" href=\"css\/bootstrap.min.css\">\n\n\n<ul class=\"pagination\">\n\t    \n\t\n\n<li >\n\t<a href='?page_no=14256'>Previous<\/a>\n\t<\/li>\n\n\n       \n    \n\n<li><a href='?page_no=1'>1<\/a><\/li>\n\n\n\n<li><a href='?page_no=2'>2<\/a><\/li>\n\n\n\n<li><a>...<\/a><\/li>\n\n\n\n<li><a href='?page_no=14255'>14255<\/a><\/li>\n\n\n\n<li><a href='?page_no=14256'>14256<\/a><\/li>\n\n\n\n<li class='active'><a>14257<\/a><\/li>\n\n\n\n<li><a href='?page_no=14258'>14258<\/a><\/li>\n\n\n\n<li><a href='?page_no=14259'>14259<\/a><\/li>\n\n\n\n<li><a>...<\/a><\/li>\n\n\n\n<li><a href='?page_no=51012'>51012<\/a><\/li>\n\n\n\n<li><a href='?page_no=51013'>51013<\/a><\/li>\n\n    \n\t\n\n<li >\n\t<a href='?page_no=14258'>Next<\/a>\n\t<\/li>\n\n\n    \n\n<li><a href='?page_no=51013'>Last &rsaquo;&rsaquo;<\/a><\/li>\n\n<\/ul>\n\n\n--><br \/>\n<\/body><\/p>\n","protected":false},"excerpt":{"rendered":"<p>RIO DE JANEIRO, 28 jul (Xinhua) &#8211;&#8211; El gobierno brasile\u00f1o anunci\u00f3 hoy que enviar\u00e1 10.240 militares y polic\u00edas al estado de R\u00edo de Janeiro (sureste) para contener la ola de violencia que vive la regi\u00f3n, la m\u00e1s tur\u00edstica del pa\u00eds. El ministro brasile\u00f1o de Defensa, Raul Jungmann, dijo que el presidente Michel Temer ya aprob\u00f3 [&hellip;]<\/p>\n","protected":false},"author":3,"featured_media":0,"comment_status":"open","ping_status":"open","sticky":false,"template":"","format":"standard","meta":{"footnotes":""},"categories":[23],"tags":[],"class_list":["post-235001","post","type-post","status-publish","format-standard","hentry","category-internacional"],"_links":{"self":[{"href":"https:\/\/diariodominicano.com\/index.php?rest_route=\/wp\/v2\/posts\/235001","targetHints":{"allow":["GET"]}}],"collection":[{"href":"https:\/\/diariodominicano.com\/index.php?rest_route=\/wp\/v2\/posts"}],"about":[{"href":"https:\/\/diariodominicano.com\/index.php?rest_route=\/wp\/v2\/types\/post"}],"author":[{"embeddable":true,"href":"https:\/\/diariodominicano.com\/index.php?rest_route=\/wp\/v2\/users\/3"}],"replies":[{"embeddable":true,"href":"https:\/\/diariodominicano.com\/index.php?rest_route=%2Fwp%2Fv2%2Fcomments&post=235001"}],"version-history":[{"count":0,"href":"https:\/\/diariodominicano.com\/index.php?rest_route=\/wp\/v2\/posts\/235001\/revisions"}],"wp:attachment":[{"href":"https:\/\/diariodominicano.com\/index.php?rest_route=%2Fwp%2Fv2%2Fmedia&parent=235001"}],"wp:term":[{"taxonomy":"category","embeddable":true,"href":"https:\/\/diariodominicano.com\/index.php?rest_route=%2Fwp%2Fv2%2Fcategories&post=235001"},{"taxonomy":"post_tag","embeddable":true,"href":"https:\/\/diariodominicano.com\/index.php?rest_route=%2Fwp%2Fv2%2Ftags&post=235001"}],"curies":[{"name":"wp","href":"https:\/\/api.w.org\/{rel}","templated":true}]}}