{"id":234997,"date":"2017-07-29T11:09:35","date_gmt":"2017-07-29T11:09:35","guid":{"rendered":"http:\/\/diariodominicano.ddns.net\/?p=234997"},"modified":"2017-07-29T11:09:35","modified_gmt":"2017-07-29T11:09:35","slug":"iran-afirma-que-proseguira-con-su-programa-balistico-y-condena-las-nuevas-sanciones","status":"publish","type":"post","link":"https:\/\/diariodominicano.com\/?p=234997","title":{"rendered":"Ir\u00e1n afirma que proseguir\u00e1 con su programa bal\u00edstico y condena las nuevas sanciones"},"content":{"rendered":"<p><body><\/p>\n<p><img decoding=\"async\" src=\"img3\/a6788565eae35fa290240d6685ebe4d8b321d233.jpg\" \/><br \/><img decoding=\"async\" src=\"img3\/fd8e41e714b7137aff0dd8b4d4cab77b118daa5c.jpg\" \/><br \/><img decoding=\"async\" src=\"img3\/47b6895b82b08890117349ca4fc98744d80494c9.jpg\" \/>  <\/p>\n<\/p>\n<p>Ministerio Defensa iran\u00ed\/AFP \/ &#8211;<\/p>\n<p>El lanzamiento de un cohete de sat\u00e9lite Simorgh en un lugar sin revelar de Ir\u00e1n, en una imagen divulgada el pasado 27 de julio por el Ministerio de Defensa iran\u00ed<\/p>\n<p>Ir\u00e1n conden\u00f3 este s\u00e1bado las nuevas sanciones adoptadas por el Congreso de EEUU, afirmando que proseguir\u00e1 \u00abcon todas sus fuerzas\u00bb con su programa bal\u00edstico, mientras que un nuevo incidente opuso el viernes a nav\u00edos estadounidenses y barcos iran\u00edes en el Golfo.<\/p>\n<p>\u00abContinuaremos con todas nuestras fuerzas nuestro programa bal\u00edstico\u00bb, declar\u00f3 el portavoz del Ministerio de Exteriores iran\u00ed, Bahram Ghasemi, a la televisi\u00f3n estatal.<\/p>\n<p>\u00abNuestra pol\u00edtica en el \u00e1mbito militar y bal\u00edstico es muy clara y es un tema de asuntos internos. Los otros pa\u00edses no tienen el derecho de injerirse\u00bb, a\u00f1adi\u00f3 Ghasemi.<\/p>\n<p>\u00abCondenamos la acci\u00f3n hostil e inaceptable\u00bb de EEUU, a\u00f1adi\u00f3 refiri\u00e9ndose a las nuevas sanciones votadas por el Congreso y pendientes de la firma del presidente Donald Trump.<\/p>\n<p>Dos d\u00edas despu\u00e9s de que la C\u00e1mara de representantes hiciera lo propio, el Senado adopt\u00f3 el jueves casi por unanimidad (98 votos a favor y dos en contra) un proyecto de ley para imponer sanciones contra Rusia, Ir\u00e1n y Corea del Norte.<\/p>\n<p>En el caso de Ir\u00e1n, estas sanciones afectan al programa bal\u00edstico de ese pa\u00eds, los derechos humanos y el apoyo de Teher\u00e1n a grupos como el Hezbol\u00e1 liban\u00e9s, clasificados por Estados Unidos como \u00abterroristas\u00bb.<\/p>\n<p>Ghasemi consider\u00f3 que las sanciones \u00abest\u00e1n encaminadas a debilitar el acuerdo nuclear\u00bb concluido en 2015 entre Ir\u00e1n, EEUU, China, Rusia, Francia, Reino Unido y Alemania.<\/p>\n<p>&#8211; Llamamientos occidentales &#8211;<\/p>\n<\/p>\n<p>Ministerio Defensa iran\u00ed\/AFP \/ &#8211;<\/p>\n<p>El cohete de sat\u00e9lite Simorgh, en su plataforma de lanzamiento, en un lugar sin revelar de Ir\u00e1n, en una imagen divulgada el pasado 27 de julio por el Ministerio de Defensa iran\u00ed<\/p>\n<p>Por su parte, EEUU y sus aliados europeos alzaron el tono el viernes contra Ir\u00e1n, instando a su gobierno a cesar sus disparos de misiles bal\u00edsticos, un d\u00eda despu\u00e9s de que Teher\u00e1n hubiera ensayado un lanzador de sat\u00e9lites.<\/p>\n<p>En un contexto de fuertes tensiones entre EEUU e Ir\u00e1n desde la llegada al poder del presidente Donald Trump, el Tesoro estadounidense impuso nuevas sanciones contra ese programa de misiles bal\u00edsticos.<\/p>\n<p>En un comunicado divulgado por el Departamento de Estado, Washington, Par\u00eds, Londres y Berl\u00edn \u00abcondenaron\u00bb el ensayo efectuado el jueves por Ir\u00e1n e instaron a la Rep\u00fablica isl\u00e1mica a \u00abno llevar a cabo actividades relacionadas con misiles bal\u00edsticos y capaces de llevar armas nucleares\u00bb.<\/p>\n<p>Para EEUU y sus aliados europeos, el programa bal\u00edstico \u00absigue siendo contradictorio con [la resoluci\u00f3n] UNSCR 2231 [votada en 2015 tras el acuerdo nuclear] y tiene un impacto desestabilizador en la regi\u00f3n\u00bb.<\/p>\n<p>Entre otras cosas, \u00abllama a Ir\u00e1n a no llevar a cabo actividades relacionadas con misiles bal\u00edsticos y capaces de llevar armas nucleares\u00bb.<\/p>\n<p>Ir\u00e1n rechaza estas acusaciones, alegando que sus misiles no est\u00e1n \u00abconcebidos\u00bb para llevar cargas nucleares y que el pa\u00eds no tiene intenci\u00f3n de producir bombas at\u00f3micas, tal y como defendi\u00f3 el ministro de Relaciones Exteriores iran\u00ed Mohammad Javad Zarif el viernes, respondiendo a Washington.<\/p>\n<p>Hace diez d\u00edas, al imponer medidas punitivas contra el programa bal\u00edstico, Washington juzg\u00f3 que Teher\u00e1n \u00abestaba violando el esp\u00edritu\u00bb del acuerdo nuclear. Para los europeos, los dosieres nuclear y bal\u00edstico deben ser tratados de forma independiente.<\/p>\n<p>&#8211; Incidentes en el Golfo &#8211;<\/p>\n<\/p>\n<p>Navy Office of Information\/AFP\/Archivos \/ Cole Schroeder<\/p>\n<p>El portaaviones estadounidense Nimitz (en primer plano) lidera una formaci\u00f3n naval durante unas maniobras militares internacionales, el pasado 17 de julio en la bah\u00eda de Bengala, una imagen divulgada al d\u00eda siguiente por la Armada de EEUU<\/p>\n<p>En este contexto tenso, un nuevo incidente enfrent\u00f3 a nav\u00edos estadounidenses y dos barcos iran\u00edes en el Golfo el viernes por la tarde, tras el ocurrido el pasado martes, seg\u00fan un comunicado de los Guardianes de la Revoluci\u00f3n publicado en su p\u00e1gina oficial.<\/p>\n<p>Seg\u00fan el texto, el incidente se produjo entre el portaaviones \u00abNimitz\u00bb y los nav\u00edos que lo acompa\u00f1aban, por un lado, y fragatas iran\u00edes equipadas de misiles, por otro.<\/p>\n<p>El comunicado denuncia la actitud \u00abprovocadora y no profesional de los estadounidenses\u00bb, que \u00ablanzaron advertencias, principalmente bengalas, hacia las fragatas iran\u00edes\u00bb.<\/p>\n<p>El martes, un patrullero de la Marina estadounidense dispar\u00f3 tiros de advertencia contra un nav\u00edo iran\u00ed de los Guardianes de la Revoluci\u00f3n Isl\u00e1mica que se hab\u00eda acercado a menos de 140 metros, indic\u00f3 un responsable estadounidense de Defensa.<\/p>\n<p>En los \u00faltimos meses, se han producido varios incidentes entre barcos estadounidenses y buques iran\u00edes en el Golfo.<\/p>\n<h6> 2017-07-29 11:09:35 <\/h6>\n<p><!--\n<link rel=\"stylesheet\" href=\"css\/bootstrap.min.css\">\n\n\n<ul class=\"pagination\">\n\t    \n\t\n\n<li >\n\t<a href='?page_no=14252'>Previous<\/a>\n\t<\/li>\n\n\n       \n    \n\n<li><a href='?page_no=1'>1<\/a><\/li>\n\n\n\n<li><a href='?page_no=2'>2<\/a><\/li>\n\n\n\n<li><a>...<\/a><\/li>\n\n\n\n<li><a href='?page_no=14251'>14251<\/a><\/li>\n\n\n\n<li><a href='?page_no=14252'>14252<\/a><\/li>\n\n\n\n<li class='active'><a>14253<\/a><\/li>\n\n\n\n<li><a href='?page_no=14254'>14254<\/a><\/li>\n\n\n\n<li><a href='?page_no=14255'>14255<\/a><\/li>\n\n\n\n<li><a>...<\/a><\/li>\n\n\n\n<li><a href='?page_no=51012'>51012<\/a><\/li>\n\n\n\n<li><a href='?page_no=51013'>51013<\/a><\/li>\n\n    \n\t\n\n<li >\n\t<a href='?page_no=14254'>Next<\/a>\n\t<\/li>\n\n\n    \n\n<li><a href='?page_no=51013'>Last &rsaquo;&rsaquo;<\/a><\/li>\n\n<\/ul>\n\n\n--><br \/>\n<\/body><\/p>\n","protected":false},"excerpt":{"rendered":"<p>Ministerio Defensa iran\u00ed\/AFP \/ &#8211; El lanzamiento de un cohete de sat\u00e9lite Simorgh en un lugar sin revelar de Ir\u00e1n, en una imagen divulgada el pasado 27 de julio por el Ministerio de Defensa iran\u00ed Ir\u00e1n conden\u00f3 este s\u00e1bado las nuevas sanciones adoptadas por el Congreso de EEUU, afirmando que proseguir\u00e1 \u00abcon todas sus fuerzas\u00bb [&hellip;]<\/p>\n","protected":false},"author":3,"featured_media":0,"comment_status":"open","ping_status":"open","sticky":false,"template":"","format":"standard","meta":{"footnotes":""},"categories":[23],"tags":[],"class_list":["post-234997","post","type-post","status-publish","format-standard","hentry","category-internacional"],"_links":{"self":[{"href":"https:\/\/diariodominicano.com\/index.php?rest_route=\/wp\/v2\/posts\/234997","targetHints":{"allow":["GET"]}}],"collection":[{"href":"https:\/\/diariodominicano.com\/index.php?rest_route=\/wp\/v2\/posts"}],"about":[{"href":"https:\/\/diariodominicano.com\/index.php?rest_route=\/wp\/v2\/types\/post"}],"author":[{"embeddable":true,"href":"https:\/\/diariodominicano.com\/index.php?rest_route=\/wp\/v2\/users\/3"}],"replies":[{"embeddable":true,"href":"https:\/\/diariodominicano.com\/index.php?rest_route=%2Fwp%2Fv2%2Fcomments&post=234997"}],"version-history":[{"count":0,"href":"https:\/\/diariodominicano.com\/index.php?rest_route=\/wp\/v2\/posts\/234997\/revisions"}],"wp:attachment":[{"href":"https:\/\/diariodominicano.com\/index.php?rest_route=%2Fwp%2Fv2%2Fmedia&parent=234997"}],"wp:term":[{"taxonomy":"category","embeddable":true,"href":"https:\/\/diariodominicano.com\/index.php?rest_route=%2Fwp%2Fv2%2Fcategories&post=234997"},{"taxonomy":"post_tag","embeddable":true,"href":"https:\/\/diariodominicano.com\/index.php?rest_route=%2Fwp%2Fv2%2Ftags&post=234997"}],"curies":[{"name":"wp","href":"https:\/\/api.w.org\/{rel}","templated":true}]}}