{"id":234995,"date":"2017-07-29T11:30:37","date_gmt":"2017-07-29T11:30:37","guid":{"rendered":"http:\/\/diariodominicano.ddns.net\/?p=234995"},"modified":"2017-07-29T11:30:37","modified_gmt":"2017-07-29T11:30:37","slug":"ecuador-redisenara-plan-nacional-contra-la-trata-de-personas","status":"publish","type":"post","link":"https:\/\/diariodominicano.com\/?p=234995","title":{"rendered":"Ecuador redise\u00f1ar\u00e1 Plan Nacional contra la trata de personas"},"content":{"rendered":"<p><body><\/p>\n<p><strong>Quito, 19 de jul (PL) <\/strong>El gobierno ecuatoriano enfrenta hoy una cruenta batalla contra la trata de personas, y por tal motivo redise\u00f1ar\u00e1 el Plan Nacional que combate ese flagelo universal considerado como la esclavitud del siglo XXI.<\/p>\n<\/p>\n<p>La Comisi\u00f3n Interinstitucional, integrada por varios ministerios y consaejo estatales, y que analiza el tema, inform\u00f3 que ese redise\u00f1o har\u00e1 que el Plan, vigente desde el 2006, est\u00e9 acorde a la legislaci\u00f3n actual, rese\u00f1a el portal digital El Ciudadano.<\/p>\n<\/p>\n<p>Entre enero y junio de 2017, se rescataron 47 v\u00edctimas de trata y detenido a 32 personas por este delito, involucradas en pornograf\u00eda infantil, explotaci\u00f3n laboral y sexual.<\/p>\n<\/p>\n<p>Seg\u00fan la Organizaci\u00f3n de las Naciones Unidas (ONU), la trata de personas es un delito que explota a mujeres, ni\u00f1os, ni\u00f1as y hombres con numerosos prop\u00f3sitos, incluidos el trabajo forzoso y la explotaci\u00f3n sexual.<\/p>\n<\/p>\n<p>El nuevo C\u00f3digo Org\u00e1nico Integral Penal (COIP), en el escenario nacional desde el 10 de agosto de 2014, abarca diversos fines de explotaci\u00f3n de la Trata de Personas y representa un gran avance tanto en la tipificaci\u00f3n del delito como en el reconocimiento de su magnitud.<\/p>\n<\/p>\n<p>Igualmente en Ecuador existe el Sistema de Protecci\u00f3n a V\u00edctimas y Testigos, que durante el per\u00edodo de estudio en 2016, asisti\u00f3 a 47 v\u00edctimas, una cifra menor comparada con las 72 v\u00edctimas en 2015 y 66 en 2014.<\/p>\n<\/p>\n<p>Seg\u00fan datos de esa entidad, citados por el sitio digital del peri\u00f3dido El Tel\u00e9grafo, la Unidad de Polic\u00eda de Lucha contra el Tr\u00e1fico y Contrabando de Personas detall\u00f3 la detenci\u00f3n de 56 presuntos traficantes y 52 operaciones de lucha contra la trata en 2016, un aumento de 10 incursiones con relaci\u00f3n al 2015 y 19, con el 2014.<\/p>\n<\/p>\n<p>Las autoridades precisaron que hubo 18 procesos y 40 condenas. En 2015 se registraron 64 y 31, En 2014, fueron 95 enjuiciamientos y 20 condenas y en el 2016 la sentencia promedio por delitos de tr\u00e1fico fue de 16 a\u00f1os.<\/p>\n<\/p>\n<p>lma\/cw<\/p>\n<h6> 2017-07-29 11:30:37 <\/h6>\n<p><!--\n<link rel=\"stylesheet\" href=\"css\/bootstrap.min.css\">\n\n\n<ul class=\"pagination\">\n\t    \n\t\n\n<li >\n\t<a href='?page_no=14250'>Previous<\/a>\n\t<\/li>\n\n\n       \n    \n\n<li><a href='?page_no=1'>1<\/a><\/li>\n\n\n\n<li><a href='?page_no=2'>2<\/a><\/li>\n\n\n\n<li><a>...<\/a><\/li>\n\n\n\n<li><a href='?page_no=14249'>14249<\/a><\/li>\n\n\n\n<li><a href='?page_no=14250'>14250<\/a><\/li>\n\n\n\n<li class='active'><a>14251<\/a><\/li>\n\n\n\n<li><a href='?page_no=14252'>14252<\/a><\/li>\n\n\n\n<li><a href='?page_no=14253'>14253<\/a><\/li>\n\n\n\n<li><a>...<\/a><\/li>\n\n\n\n<li><a href='?page_no=51012'>51012<\/a><\/li>\n\n\n\n<li><a href='?page_no=51013'>51013<\/a><\/li>\n\n    \n\t\n\n<li >\n\t<a href='?page_no=14252'>Next<\/a>\n\t<\/li>\n\n\n    \n\n<li><a href='?page_no=51013'>Last &rsaquo;&rsaquo;<\/a><\/li>\n\n<\/ul>\n\n\n--><br \/>\n<\/body><\/p>\n","protected":false},"excerpt":{"rendered":"<p>Quito, 19 de jul (PL) El gobierno ecuatoriano enfrenta hoy una cruenta batalla contra la trata de personas, y por tal motivo redise\u00f1ar\u00e1 el Plan Nacional que combate ese flagelo universal considerado como la esclavitud del siglo XXI. La Comisi\u00f3n Interinstitucional, integrada por varios ministerios y consaejo estatales, y que analiza el tema, inform\u00f3 que [&hellip;]<\/p>\n","protected":false},"author":3,"featured_media":0,"comment_status":"open","ping_status":"open","sticky":false,"template":"","format":"standard","meta":{"footnotes":""},"categories":[23],"tags":[],"class_list":["post-234995","post","type-post","status-publish","format-standard","hentry","category-internacional"],"_links":{"self":[{"href":"https:\/\/diariodominicano.com\/index.php?rest_route=\/wp\/v2\/posts\/234995","targetHints":{"allow":["GET"]}}],"collection":[{"href":"https:\/\/diariodominicano.com\/index.php?rest_route=\/wp\/v2\/posts"}],"about":[{"href":"https:\/\/diariodominicano.com\/index.php?rest_route=\/wp\/v2\/types\/post"}],"author":[{"embeddable":true,"href":"https:\/\/diariodominicano.com\/index.php?rest_route=\/wp\/v2\/users\/3"}],"replies":[{"embeddable":true,"href":"https:\/\/diariodominicano.com\/index.php?rest_route=%2Fwp%2Fv2%2Fcomments&post=234995"}],"version-history":[{"count":0,"href":"https:\/\/diariodominicano.com\/index.php?rest_route=\/wp\/v2\/posts\/234995\/revisions"}],"wp:attachment":[{"href":"https:\/\/diariodominicano.com\/index.php?rest_route=%2Fwp%2Fv2%2Fmedia&parent=234995"}],"wp:term":[{"taxonomy":"category","embeddable":true,"href":"https:\/\/diariodominicano.com\/index.php?rest_route=%2Fwp%2Fv2%2Fcategories&post=234995"},{"taxonomy":"post_tag","embeddable":true,"href":"https:\/\/diariodominicano.com\/index.php?rest_route=%2Fwp%2Fv2%2Ftags&post=234995"}],"curies":[{"name":"wp","href":"https:\/\/api.w.org\/{rel}","templated":true}]}}