{"id":234989,"date":"2017-07-30T14:10:30","date_gmt":"2017-07-30T14:10:30","guid":{"rendered":"http:\/\/diariodominicano.ddns.net\/?p=234989"},"modified":"2017-07-30T14:10:30","modified_gmt":"2017-07-30T14:10:30","slug":"fiscalia-de-venezuela-confirma-muerte-candidato-asamblea-constituyente","status":"publish","type":"post","link":"https:\/\/diariodominicano.com\/?p=234989","title":{"rendered":"Fiscal\u00eda de Venezuela confirma muerte candidato Asamblea Constituyente"},"content":{"rendered":"<p><body><\/p>\n<p>   CARACAS, 30 jul (Xinhua) &#8212; El Ministerio P\u00fablico (MP) de Venezuela confirm\u00f3 hoy el asesinato ocurrido la noche del s\u00e1bado de Jos\u00e9 F\u00e9lix Pineda, de 39 a\u00f1os de edad, quien era candidato en el estado Bol\u00edvar (sur) a la Asamblea Nacional Constituyente (ANC), cuya elecci\u00f3n se celebra este domingo.<\/p>\n<\/p>\n<p>     \u00abFiscal\u00eda 4\u00ba de Ciudad Bol\u00edvar investiga muerte del abogado Jos\u00e9 F\u00e9lix Pineda (39), ocurrida la noche de este s\u00e1bado 29\/7\u00bb, indic\u00f3 la dependencia del pa\u00eds suramericano a trav\u00e9s de su cuenta de la red social Twitter.<\/p>\n<\/p>\n<p>     El MP, que no dio mayores detalles, explic\u00f3 que \u00abun grupo de personas irrumpi\u00f3 en la residencia de la v\u00edctima, ubicada en el sector Brisas del Sur y le propin\u00f3 varios disparos\u00bb.<\/p>\n<\/p>\n<p>     Pineda es el segundo ciudadano con aspiraciones a la ANC asesinado en Venezuela.<\/p>\n<\/p>\n<p>     El primero, confirmado por las autoridades, fue Jos\u00e9 Luis Rivas, quien muri\u00f3 el pasado 10 de julio tras recibir varios disparos por parte de un desconocido en el sector 23 de Enero de Maracay, estado Aragua (norte), donde participaba en una asamblea p\u00fablica sobre la ANC.<\/p>\n<h6> 2017-07-30 14:10:30 <\/h6>\n<p><!--\n<link rel=\"stylesheet\" href=\"css\/bootstrap.min.css\">\n\n\n<ul class=\"pagination\">\n\t    \n\t\n\n<li >\n\t<a href='?page_no=14245'>Previous<\/a>\n\t<\/li>\n\n\n       \n    \n\n<li><a href='?page_no=1'>1<\/a><\/li>\n\n\n\n<li><a href='?page_no=2'>2<\/a><\/li>\n\n\n\n<li><a>...<\/a><\/li>\n\n\n\n<li><a href='?page_no=14244'>14244<\/a><\/li>\n\n\n\n<li><a href='?page_no=14245'>14245<\/a><\/li>\n\n\n\n<li class='active'><a>14246<\/a><\/li>\n\n\n\n<li><a href='?page_no=14247'>14247<\/a><\/li>\n\n\n\n<li><a href='?page_no=14248'>14248<\/a><\/li>\n\n\n\n<li><a>...<\/a><\/li>\n\n\n\n<li><a href='?page_no=51012'>51012<\/a><\/li>\n\n\n\n<li><a href='?page_no=51013'>51013<\/a><\/li>\n\n    \n\t\n\n<li >\n\t<a href='?page_no=14247'>Next<\/a>\n\t<\/li>\n\n\n    \n\n<li><a href='?page_no=51013'>Last &rsaquo;&rsaquo;<\/a><\/li>\n\n<\/ul>\n\n\n--><br \/>\n<\/body><\/p>\n","protected":false},"excerpt":{"rendered":"<p>CARACAS, 30 jul (Xinhua) &#8212; El Ministerio P\u00fablico (MP) de Venezuela confirm\u00f3 hoy el asesinato ocurrido la noche del s\u00e1bado de Jos\u00e9 F\u00e9lix Pineda, de 39 a\u00f1os de edad, quien era candidato en el estado Bol\u00edvar (sur) a la Asamblea Nacional Constituyente (ANC), cuya elecci\u00f3n se celebra este domingo. \u00abFiscal\u00eda 4\u00ba de Ciudad Bol\u00edvar investiga [&hellip;]<\/p>\n","protected":false},"author":3,"featured_media":0,"comment_status":"open","ping_status":"open","sticky":false,"template":"","format":"standard","meta":{"footnotes":""},"categories":[23],"tags":[],"class_list":["post-234989","post","type-post","status-publish","format-standard","hentry","category-internacional"],"_links":{"self":[{"href":"https:\/\/diariodominicano.com\/index.php?rest_route=\/wp\/v2\/posts\/234989","targetHints":{"allow":["GET"]}}],"collection":[{"href":"https:\/\/diariodominicano.com\/index.php?rest_route=\/wp\/v2\/posts"}],"about":[{"href":"https:\/\/diariodominicano.com\/index.php?rest_route=\/wp\/v2\/types\/post"}],"author":[{"embeddable":true,"href":"https:\/\/diariodominicano.com\/index.php?rest_route=\/wp\/v2\/users\/3"}],"replies":[{"embeddable":true,"href":"https:\/\/diariodominicano.com\/index.php?rest_route=%2Fwp%2Fv2%2Fcomments&post=234989"}],"version-history":[{"count":0,"href":"https:\/\/diariodominicano.com\/index.php?rest_route=\/wp\/v2\/posts\/234989\/revisions"}],"wp:attachment":[{"href":"https:\/\/diariodominicano.com\/index.php?rest_route=%2Fwp%2Fv2%2Fmedia&parent=234989"}],"wp:term":[{"taxonomy":"category","embeddable":true,"href":"https:\/\/diariodominicano.com\/index.php?rest_route=%2Fwp%2Fv2%2Fcategories&post=234989"},{"taxonomy":"post_tag","embeddable":true,"href":"https:\/\/diariodominicano.com\/index.php?rest_route=%2Fwp%2Fv2%2Ftags&post=234989"}],"curies":[{"name":"wp","href":"https:\/\/api.w.org\/{rel}","templated":true}]}}