{"id":234986,"date":"2017-07-30T15:43:32","date_gmt":"2017-07-30T15:43:32","guid":{"rendered":"http:\/\/diariodominicano.ddns.net\/?p=234986"},"modified":"2017-07-30T15:43:32","modified_gmt":"2017-07-30T15:43:32","slug":"un-candidato-a-la-constituyente-venezolana-es-asesinado-a-tiros-en-su-casa","status":"publish","type":"post","link":"https:\/\/diariodominicano.com\/?p=234986","title":{"rendered":"Un candidato a la Constituyente venezolana es asesinado a tiros en su casa"},"content":{"rendered":"<p><body><\/p>\n<p><img decoding=\"async\" src=\"img3\/67164da61243fb28ef832427dbd384f2f79e2974.jpg\" \/>  <\/p>\n<\/p>\n<p>AFP \/ Ronaldo Schemidt<\/p>\n<p>Un miembro de las fuerzas armadas habla con unos ciudadanos en una cola para votar la Asamblea Constituyente venezolana, este domingo 30 de julio en Caracas<\/p>\n<p>Un candidato a la Asamblea Constituyente que se vota este domingo en Venezuela, el abogado Jos\u00e9 F\u00e9lix Pineda, fue asesinato a tiros en la v\u00edspera de la elecci\u00f3n, inform\u00f3 la fiscal\u00eda venezolana.<\/p>\n<p>\u00abUn grupo de personas irrumpi\u00f3\u00bb la noche del s\u00e1bado en la residencia de Pineda, de 39 a\u00f1os, en Ciudad Bol\u00edvar (sureste), \u00aby le propin\u00f3 varios disparos\u00bb, se\u00f1al\u00f3 el ministerio p\u00fablico en la red social Twitter, sin especificar posibles m\u00f3viles.<\/p>\n<p>Las elecciones de los 545 constituyentes se llevan a cabo en todo el pa\u00eds, con 6.120 candidatos, pese a la amenaza de la oposici\u00f3n de un \u00abboicot\u00bb contra la iniciativa del presidente Nicol\u00e1s Maduro en medio de una ola de protestas que deja 113 muertos en cuatro meses.<\/p>\n<p>\u00abPor Jos\u00e9 F\u00e9lix Pineda y por muchos, necesario es luchar por (una) victoria que acabe con aberraci\u00f3n pol\u00edtica que han querido implantar\u00bb, escribi\u00f3 en redes sociales Francisco Rangel, gobernador oficialista del estado de Bol\u00edvar, insinuando que se trat\u00f3 de un crimen pol\u00edtico.<\/p>\n<p>La coalici\u00f3n opositora Mesa de la Unidad Democr\u00e1tica (MUD), que denuncia el proyecto de Maduro como un \u00abfraude\u00bb que acabar\u00e1 con la democracia, llam\u00f3 a una marcha este domingo en Caracas y a bloqueos de v\u00edas en el resto del pa\u00eds.<\/p>\n<p>La ONG Provea, acusada por el oficialismo de apoyar a la oposici\u00f3n, repudi\u00f3 el asesinato de Pineda y exigi\u00f3 a la Fiscal\u00eda una \u00abinvestigaci\u00f3n oportuna sobre los responsables\u00bb.<\/p>\n<p>Pineda es el segundo candidato a la Constituyente asesinado. El pasado 10 de julio Jos\u00e9 Luis Rivas muri\u00f3 tras ser baleado durante un acto de campa\u00f1a en la ciudad de Maracay (centro-norte). La fiscal\u00eda hasta ahora no ha vinculado ambos asesinatos con m\u00f3viles pol\u00edticos.<\/p>\n<h6> 2017-07-30 15:43:32 <\/h6>\n<p><!--\n<link rel=\"stylesheet\" href=\"css\/bootstrap.min.css\">\n\n\n<ul class=\"pagination\">\n\t    \n\t\n\n<li >\n\t<a href='?page_no=14242'>Previous<\/a>\n\t<\/li>\n\n\n       \n    \n\n<li><a href='?page_no=1'>1<\/a><\/li>\n\n\n\n<li><a href='?page_no=2'>2<\/a><\/li>\n\n\n\n<li><a>...<\/a><\/li>\n\n\n\n<li><a href='?page_no=14241'>14241<\/a><\/li>\n\n\n\n<li><a href='?page_no=14242'>14242<\/a><\/li>\n\n\n\n<li class='active'><a>14243<\/a><\/li>\n\n\n\n<li><a href='?page_no=14244'>14244<\/a><\/li>\n\n\n\n<li><a href='?page_no=14245'>14245<\/a><\/li>\n\n\n\n<li><a>...<\/a><\/li>\n\n\n\n<li><a href='?page_no=51012'>51012<\/a><\/li>\n\n\n\n<li><a href='?page_no=51013'>51013<\/a><\/li>\n\n    \n\t\n\n<li >\n\t<a href='?page_no=14244'>Next<\/a>\n\t<\/li>\n\n\n    \n\n<li><a href='?page_no=51013'>Last &rsaquo;&rsaquo;<\/a><\/li>\n\n<\/ul>\n\n\n--><br \/>\n<\/body><\/p>\n","protected":false},"excerpt":{"rendered":"<p>AFP \/ Ronaldo Schemidt Un miembro de las fuerzas armadas habla con unos ciudadanos en una cola para votar la Asamblea Constituyente venezolana, este domingo 30 de julio en Caracas Un candidato a la Asamblea Constituyente que se vota este domingo en Venezuela, el abogado Jos\u00e9 F\u00e9lix Pineda, fue asesinato a tiros en la v\u00edspera [&hellip;]<\/p>\n","protected":false},"author":3,"featured_media":0,"comment_status":"open","ping_status":"open","sticky":false,"template":"","format":"standard","meta":{"footnotes":""},"categories":[23],"tags":[],"class_list":["post-234986","post","type-post","status-publish","format-standard","hentry","category-internacional"],"_links":{"self":[{"href":"https:\/\/diariodominicano.com\/index.php?rest_route=\/wp\/v2\/posts\/234986","targetHints":{"allow":["GET"]}}],"collection":[{"href":"https:\/\/diariodominicano.com\/index.php?rest_route=\/wp\/v2\/posts"}],"about":[{"href":"https:\/\/diariodominicano.com\/index.php?rest_route=\/wp\/v2\/types\/post"}],"author":[{"embeddable":true,"href":"https:\/\/diariodominicano.com\/index.php?rest_route=\/wp\/v2\/users\/3"}],"replies":[{"embeddable":true,"href":"https:\/\/diariodominicano.com\/index.php?rest_route=%2Fwp%2Fv2%2Fcomments&post=234986"}],"version-history":[{"count":0,"href":"https:\/\/diariodominicano.com\/index.php?rest_route=\/wp\/v2\/posts\/234986\/revisions"}],"wp:attachment":[{"href":"https:\/\/diariodominicano.com\/index.php?rest_route=%2Fwp%2Fv2%2Fmedia&parent=234986"}],"wp:term":[{"taxonomy":"category","embeddable":true,"href":"https:\/\/diariodominicano.com\/index.php?rest_route=%2Fwp%2Fv2%2Fcategories&post=234986"},{"taxonomy":"post_tag","embeddable":true,"href":"https:\/\/diariodominicano.com\/index.php?rest_route=%2Fwp%2Fv2%2Ftags&post=234986"}],"curies":[{"name":"wp","href":"https:\/\/api.w.org\/{rel}","templated":true}]}}