{"id":234980,"date":"2017-07-31T02:32:58","date_gmt":"2017-07-31T02:32:58","guid":{"rendered":"http:\/\/diariodominicano.ddns.net\/?p=234980"},"modified":"2017-07-31T02:32:58","modified_gmt":"2017-07-31T02:32:58","slug":"la-oposicion-venezolana-convoca-marchas-contra-la-instalacion-de-la-constituyente","status":"publish","type":"post","link":"https:\/\/diariodominicano.com\/?p=234980","title":{"rendered":"La oposici\u00f3n venezolana convoca marchas contra la instalaci\u00f3n de la Constituyente"},"content":{"rendered":"<p><body><\/p>\n<p><img decoding=\"async\" src=\"img3\/cc49c067def1254117b15836b2c71a9f0d5eb31b.jpg\" \/>  <\/p>\n<\/p>\n<p>AFP \/ Federico Parra<\/p>\n<p>El l\u00edder opositor venezolano Henrique Capriles habla en una rueda de prensa en Caracas el 30 de julio de 2017<\/p>\n<p>La oposici\u00f3n venezolana convoc\u00f3 a movilizaciones el lunes y mi\u00e9rcoles para protestar contra la instalaci\u00f3n de la Asamblea Constituyente convocada por el presidente, Nicol\u00e1s Maduro, elegida este domingo tras una violenta jornada que dej\u00f3 al menos nueve muertos.<\/p>\n<p>\u00abNo reconocemos este proceso fraudulento, para nosotros es nulo, no existe\u00bb, dijo el l\u00edder Henrique Capriles, al llamar a nombre de la coalici\u00f3n opositora Mesa de la Unidad Democr\u00e1tica (MUD) a las protestas.<\/p>\n<p>Capriles explic\u00f3 que el lunes se har\u00e1n marchas en todo el pa\u00eds contra lo que llam\u00f3 la \u00abmasacre\u00bb y el \u00abfraude\u00bb ocurridos en la jornada de votaci\u00f3n, y el mi\u00e9rcoles habr\u00e1 una movilizaci\u00f3n en Caracas coincidiendo con el d\u00eda en que se instalar\u00e1 la Asamblea Constituyente.<\/p>\n<p>Seg\u00fan estimaciones de la MUD, a\u00f1adi\u00f3 el diputado y exjefe parlamentario Henry Ramos Allup, votaron 2.483.000 personas, lo que significa un 12,4% de participaci\u00f3n con una abstenci\u00f3n de casi 88%.<\/p>\n<p>\u00abLa ratificaci\u00f3n de que esta fue una jornada t\u00e9trica fue la exigua asistencia de los venezolanos, en un proceso en el que solo particip\u00f3 el Gobierno. \u00bfQu\u00e9 legitimidad puede tener un proceso en el que hubo una abstenci\u00f3n de casi 88%?\u00bb, pregunt\u00f3 Ramos Allup en la rueda de prensa.<\/p>\n<p>Capriles pidi\u00f3 al Gobierno retirar la Constituyente. \u00abLa \u00faltima carta se la jug\u00f3 Nicol\u00e1s Maduro, se ha puesto la soga al cuello, y a partir de ma\u00f1ana [lunes] arranca una nueva etapa de lucha de no reconocimiento a ese fraude\u00bb, agreg\u00f3.<\/p>\n<p>Seg\u00fan la Fiscal\u00eda, al menos nueve personas murieron entre el s\u00e1bado y el domingo en el marco de la elecci\u00f3n, con lo que llegan a m\u00e1s de 120 los fallecidos en cuatro meses de protestas que exigen la salida de Maduro. La MUD cifr\u00f3 en 16 los muertos este domingo.<\/p>\n<p>Dirigentes del Gobierno y la c\u00fapula militar aseguraron que la jornada fue un \u00e9xito. El Consejo Nacional Electoral (CNE) a\u00fan no emite resultados.<\/p>\n<p>Seguidores de Maduro se concentran en la noche en la c\u00e9ntrica plaza Bol\u00edvar, cantando victoria.<\/p>\n<h6> 2017-07-31 02:32:58 <\/h6>\n<p><!--\n<link rel=\"stylesheet\" href=\"css\/bootstrap.min.css\">\n\n\n<ul class=\"pagination\">\n\t    \n\t\n\n<li >\n\t<a href='?page_no=14237'>Previous<\/a>\n\t<\/li>\n\n\n       \n    \n\n<li><a href='?page_no=1'>1<\/a><\/li>\n\n\n\n<li><a href='?page_no=2'>2<\/a><\/li>\n\n\n\n<li><a>...<\/a><\/li>\n\n\n\n<li><a href='?page_no=14236'>14236<\/a><\/li>\n\n\n\n<li><a href='?page_no=14237'>14237<\/a><\/li>\n\n\n\n<li class='active'><a>14238<\/a><\/li>\n\n\n\n<li><a href='?page_no=14239'>14239<\/a><\/li>\n\n\n\n<li><a href='?page_no=14240'>14240<\/a><\/li>\n\n\n\n<li><a>...<\/a><\/li>\n\n\n\n<li><a href='?page_no=51012'>51012<\/a><\/li>\n\n\n\n<li><a href='?page_no=51013'>51013<\/a><\/li>\n\n    \n\t\n\n<li >\n\t<a href='?page_no=14239'>Next<\/a>\n\t<\/li>\n\n\n    \n\n<li><a href='?page_no=51013'>Last &rsaquo;&rsaquo;<\/a><\/li>\n\n<\/ul>\n\n\n--><br \/>\n<\/body><\/p>\n","protected":false},"excerpt":{"rendered":"<p>AFP \/ Federico Parra El l\u00edder opositor venezolano Henrique Capriles habla en una rueda de prensa en Caracas el 30 de julio de 2017 La oposici\u00f3n venezolana convoc\u00f3 a movilizaciones el lunes y mi\u00e9rcoles para protestar contra la instalaci\u00f3n de la Asamblea Constituyente convocada por el presidente, Nicol\u00e1s Maduro, elegida este domingo tras una violenta [&hellip;]<\/p>\n","protected":false},"author":3,"featured_media":0,"comment_status":"open","ping_status":"open","sticky":false,"template":"","format":"standard","meta":{"footnotes":""},"categories":[23],"tags":[],"class_list":["post-234980","post","type-post","status-publish","format-standard","hentry","category-internacional"],"_links":{"self":[{"href":"https:\/\/diariodominicano.com\/index.php?rest_route=\/wp\/v2\/posts\/234980","targetHints":{"allow":["GET"]}}],"collection":[{"href":"https:\/\/diariodominicano.com\/index.php?rest_route=\/wp\/v2\/posts"}],"about":[{"href":"https:\/\/diariodominicano.com\/index.php?rest_route=\/wp\/v2\/types\/post"}],"author":[{"embeddable":true,"href":"https:\/\/diariodominicano.com\/index.php?rest_route=\/wp\/v2\/users\/3"}],"replies":[{"embeddable":true,"href":"https:\/\/diariodominicano.com\/index.php?rest_route=%2Fwp%2Fv2%2Fcomments&post=234980"}],"version-history":[{"count":0,"href":"https:\/\/diariodominicano.com\/index.php?rest_route=\/wp\/v2\/posts\/234980\/revisions"}],"wp:attachment":[{"href":"https:\/\/diariodominicano.com\/index.php?rest_route=%2Fwp%2Fv2%2Fmedia&parent=234980"}],"wp:term":[{"taxonomy":"category","embeddable":true,"href":"https:\/\/diariodominicano.com\/index.php?rest_route=%2Fwp%2Fv2%2Fcategories&post=234980"},{"taxonomy":"post_tag","embeddable":true,"href":"https:\/\/diariodominicano.com\/index.php?rest_route=%2Fwp%2Fv2%2Ftags&post=234980"}],"curies":[{"name":"wp","href":"https:\/\/api.w.org\/{rel}","templated":true}]}}