{"id":234957,"date":"2017-08-01T11:14:59","date_gmt":"2017-08-01T11:14:59","guid":{"rendered":"http:\/\/diariodominicano.ddns.net\/?p=234957"},"modified":"2017-08-01T11:14:59","modified_gmt":"2017-08-01T11:14:59","slug":"los-opositores-venezolanos-leopoldo-lopez-y-antonio-ledezma-vuelven-a-prision","status":"publish","type":"post","link":"https:\/\/diariodominicano.com\/?p=234957","title":{"rendered":"Los opositores venezolanos Leopoldo L\u00f3pez y Antonio Ledezma vuelven a prisi\u00f3n&#13;"},"content":{"rendered":"<p><body><\/p>\n<p><img decoding=\"async\" src=\"img3\/0b3170e4f346d4c57b8de3a70c06ff88db86b9ea.jpg\" \/><br \/><img decoding=\"async\" src=\"img3\/f51339eea8a015bdf6080923aee3dd1cf83fca8f.jpg\" \/>  <\/p>\n<\/p>\n<p>AFP\/Archivos \/ Leopoldo LOPEZ, EVARISTO SA<\/p>\n<p>Leopoldo L\u00f3pez (i) y Antonio Ledezma<\/p>\n<p>Los dos presos m\u00e1s emblem\u00e1ticos de la oposici\u00f3n venezolana, Leopoldo L\u00f3pez y Antonio Ledezma, que guardaban arresto domiciliario, fueron devueltos a prisi\u00f3n la madrugada de este martes tras sus llamados a no votar en la Constituyente del presidente Nicol\u00e1s Maduro.<\/p>\n<p>L\u00f3pez, de 46 a\u00f1os, y Ledezma, alcalde de Caracas de 62, fueron detenidos por agentes del servicio de inteligencia (Sebin), indicaron sus familiares en un primer momento en Twitter, haciendo responsable a Maduro de la vida de ambos.<\/p>\n<p>\u00abA Leopoldo lo llevaron a (la c\u00e1rcel militar de) Ramo Verde. No nos han informado el motivo\u00bb, confirm\u00f3 a la AFP su abogado, Juan Carlos Guti\u00e9rrez.<\/p>\n<p>A esa c\u00e1rcel tambi\u00e9n fue trasladado Ledezma, indic\u00f3 su esposa Mitzy Capriles, quien se encuentra en Madrid y pidi\u00f3 desde all\u00ed que un \u00abequipo forense\u00bb examine al dirigente, que fue sacado de su casa en pijama por varios uniformados.<\/p>\n<p>\u00abTenemos una profunda angustia\u00bb tras el \u00absecuestro\u00bb de Ledezma, dijo Capriles en una rueda de prensa, junto a la hija menor de la pareja, Antonieta.<\/p>\n<p>En los \u00faltimos d\u00edas, ambos l\u00edderes hab\u00edan publicado videos en los que instaban a no votar en la elecci\u00f3n, el domingo, de la Asamblea Constituyente.<\/p>\n<\/p>\n<p>AFP \/ Gustavo IZUS<\/p>\n<p>Presi\u00f3n internacional sobre Venezuela<\/p>\n<p>Esos comicios, en los que la oposici\u00f3n decidi\u00f3 no participar por considerarlos fraudulentos, transcurrieron en medio de manifestaciones violentas que dejaron una decena de muertos.<\/p>\n<p>Con ello se elev\u00f3 a 125 la cifra de fallecidos desde que iniciaron las protestas opositoras hace cuatro meses.<\/p>\n<p>&#8211; \u00abTen\u00edan limitaciones\u00bb &#8211;<\/p>\n<p>\u00abTen\u00edan limitaci\u00f3n de declaraci\u00f3n pol\u00edtica, de transmisi\u00f3n de mensajes, sobre todo si esos mensajes llaman al desconocimiento de las instituciones y resultados\u00bb, coment\u00f3 en la televisora estatal el ministro de Educaci\u00f3n, El\u00edas Jaua, quien sin embargo manifest\u00f3 desconocer los motivos de su encarcelamiento.<\/p>\n<p>L\u00f3pez hab\u00eda sido excarcelado el pasado 8 de julio por orden del Tribunal Supremo de Justicia (TSJ), acusado de servir al gobierno, que adujo entonces motivos de salud.<\/p>\n<p>Como intercesor de esa medida actu\u00f3 el exjefe del gobierno espa\u00f1ol Jos\u00e9 Luis Rodr\u00edguez Zapatero, quien intenta propiciar un di\u00e1logo entre gobierno y oposici\u00f3n para resolver la grave crisis pol\u00edtica de Venezuela.<\/p>\n<p>L\u00f3pez hab\u00eda vuelto a casa tras cumplir en la prisi\u00f3n militar de Ramo Verde, a las afueras de Caracas, tres a\u00f1os y cinco meses de la pena de casi 14 a\u00f1os a la que fue condenado por incitar a la violencia en protestas contra Maduro, que dejaron 43 muertos en 2014.<\/p>\n<p>Ledezma, por su parte, fue capturado el 19 de febrero de 2015 en su oficina y en abril de ese a\u00f1o recibi\u00f3 casa por c\u00e1rcel. Est\u00e1 acusado de una supuesta conspiraci\u00f3n contra el mandatario.<\/p>\n<p>La Uni\u00f3n Europea conden\u00f3 los arrestos como un \u00abpaso en la direcci\u00f3n err\u00f3nea\u00bb.<\/p>\n<p>La revocatoria de la prisi\u00f3n domiciliaria para ambos dirigentes elev\u00f3 la tensi\u00f3n a horas de que se instale la Constituyente en el Palacio Legislativo, donde sesiona el Parlamento de mayor\u00eda opositora.<\/p>\n<p>Para el mi\u00e9rcoles, cuando se prev\u00e9 que asuma la asamblea que cambiar\u00e1 la Constituci\u00f3n, la opositora Mesa de la Unidad Democr\u00e1tica (MUD) convoc\u00f3 a una marcha en Caracas que denunciar\u00e1 la \u00abilegitimidad\u00bb de la Constituyente.<\/p>\n<p>Ese criterio es respaldado por una decena de pa\u00edses, entre ellos Estados Unidos, que el lunes sancion\u00f3 a Maduro por \u00abruptura del orden constitucional\u00bb y lo calific\u00f3 de \u00abdictador\u00bb.<\/p>\n<p>&#8211; \u00abTerminar\u00e1n en la celda\u00bb &#8211;<\/p>\n<p>La MUD consider\u00f3 un fraude el resultado oficial de ocho millones de votantes (42,5% del padr\u00f3n electoral), en tanto que Maduro lo calific\u00f3 de \u00abtriunfo hist\u00f3rico.<\/p>\n<p>La MUD asegura que la Constituyente fue propuesta por Maduro para perpetuarse en el poder, instaurar un modelo comunista y neutralizar a sus adversarios.<\/p>\n<p>\u00abAlgunos terminar\u00e1n en una celda\u00bb, advirti\u00f3 el presidente, quien propuso a la Constituyente levantar la inmunidad a parlamentarios opositores para someterlos a la justicia, y \u00abtomar el control\u00bb de la Fiscal\u00eda.<\/p>\n<p>L\u00edderes del oficialismo, como el poderoso Diosdado Cabello -quien podr\u00eda ser presidente de la Constituyente-, han anunciado la posible disoluci\u00f3n del Legislativo.<\/p>\n<p>Al declarar el lunes que no reconoce la Constituyente por considerar que evidencia la \u00abambici\u00f3n dictatorial\u00bb del gobierno, la fiscal general, Luisa Ortega, quien rompi\u00f3 con Maduro, dice estar segura de que ahora ir\u00e1n por su \u00abcabeza\u00bb.<\/p>\n<p>\u00abEst\u00e1 cantada la radicalizaci\u00f3n pol\u00edtica y econ\u00f3mica posconstituyente\u00bb, dijo el analista Luis Vicente Le\u00f3n, presidente de Datan\u00e1lisis.<\/p>\n<p>Desde que la oposici\u00f3n tom\u00f3 el control del Congreso en enero de 2016, simpatizantes del gobierno irrumpieron con violencia dos veces en la sede parlamentaria, y en la \u00faltima de ellas hirieron a siete diputados opositores.<\/p>\n<p>Maduro convoc\u00f3 a la Constituyente sin consulta previa a los venezolanos, como s\u00ed ocurri\u00f3 en 1999, pero ante las fuertes cr\u00edticas propuso un referendo para aprobar la nueva Carta Magna. No se sabe, no obstante, cu\u00e1ndo ser\u00e1.<\/p>\n<h6> 2017-08-01 11:14:59 <\/h6>\n<p><!--\n<link rel=\"stylesheet\" href=\"css\/bootstrap.min.css\">\n\n\n<ul class=\"pagination\">\n\t    \n\t\n\n<li >\n\t<a href='?page_no=14216'>Previous<\/a>\n\t<\/li>\n\n\n       \n    \n\n<li><a href='?page_no=1'>1<\/a><\/li>\n\n\n\n<li><a href='?page_no=2'>2<\/a><\/li>\n\n\n\n<li><a>...<\/a><\/li>\n\n\n\n<li><a href='?page_no=14215'>14215<\/a><\/li>\n\n\n\n<li><a href='?page_no=14216'>14216<\/a><\/li>\n\n\n\n<li class='active'><a>14217<\/a><\/li>\n\n\n\n<li><a href='?page_no=14218'>14218<\/a><\/li>\n\n\n\n<li><a href='?page_no=14219'>14219<\/a><\/li>\n\n\n\n<li><a>...<\/a><\/li>\n\n\n\n<li><a href='?page_no=51012'>51012<\/a><\/li>\n\n\n\n<li><a href='?page_no=51013'>51013<\/a><\/li>\n\n    \n\t\n\n<li >\n\t<a href='?page_no=14218'>Next<\/a>\n\t<\/li>\n\n\n    \n\n<li><a href='?page_no=51013'>Last &rsaquo;&rsaquo;<\/a><\/li>\n\n<\/ul>\n\n\n--><br \/>\n<\/body><\/p>\n","protected":false},"excerpt":{"rendered":"<p>AFP\/Archivos \/ Leopoldo LOPEZ, EVARISTO SA Leopoldo L\u00f3pez (i) y Antonio Ledezma Los dos presos m\u00e1s emblem\u00e1ticos de la oposici\u00f3n venezolana, Leopoldo L\u00f3pez y Antonio Ledezma, que guardaban arresto domiciliario, fueron devueltos a prisi\u00f3n la madrugada de este martes tras sus llamados a no votar en la Constituyente del presidente Nicol\u00e1s Maduro. L\u00f3pez, de 46 [&hellip;]<\/p>\n","protected":false},"author":3,"featured_media":0,"comment_status":"open","ping_status":"open","sticky":false,"template":"","format":"standard","meta":{"footnotes":""},"categories":[23],"tags":[],"class_list":["post-234957","post","type-post","status-publish","format-standard","hentry","category-internacional"],"_links":{"self":[{"href":"https:\/\/diariodominicano.com\/index.php?rest_route=\/wp\/v2\/posts\/234957","targetHints":{"allow":["GET"]}}],"collection":[{"href":"https:\/\/diariodominicano.com\/index.php?rest_route=\/wp\/v2\/posts"}],"about":[{"href":"https:\/\/diariodominicano.com\/index.php?rest_route=\/wp\/v2\/types\/post"}],"author":[{"embeddable":true,"href":"https:\/\/diariodominicano.com\/index.php?rest_route=\/wp\/v2\/users\/3"}],"replies":[{"embeddable":true,"href":"https:\/\/diariodominicano.com\/index.php?rest_route=%2Fwp%2Fv2%2Fcomments&post=234957"}],"version-history":[{"count":0,"href":"https:\/\/diariodominicano.com\/index.php?rest_route=\/wp\/v2\/posts\/234957\/revisions"}],"wp:attachment":[{"href":"https:\/\/diariodominicano.com\/index.php?rest_route=%2Fwp%2Fv2%2Fmedia&parent=234957"}],"wp:term":[{"taxonomy":"category","embeddable":true,"href":"https:\/\/diariodominicano.com\/index.php?rest_route=%2Fwp%2Fv2%2Fcategories&post=234957"},{"taxonomy":"post_tag","embeddable":true,"href":"https:\/\/diariodominicano.com\/index.php?rest_route=%2Fwp%2Fv2%2Ftags&post=234957"}],"curies":[{"name":"wp","href":"https:\/\/api.w.org\/{rel}","templated":true}]}}