{"id":234956,"date":"2017-08-01T11:21:04","date_gmt":"2017-08-01T11:21:04","guid":{"rendered":"http:\/\/diariodominicano.ddns.net\/?p=234956"},"modified":"2017-08-01T11:21:04","modified_gmt":"2017-08-01T11:21:04","slug":"hallados-8-migrantes-muertos-en-barcos-procedentes-de-libia","status":"publish","type":"post","link":"https:\/\/diariodominicano.com\/?p=234956","title":{"rendered":"Hallados 8 migrantes muertos en barcos procedentes de Libia&#13;"},"content":{"rendered":"<p><body><\/p>\n<p><img decoding=\"async\" src=\"img3\/12dc4f7d7eea6f67873f3d7f3a6cb73a6d2bd6fe.jpg\" \/>  <\/p>\n<\/p>\n<p>AFP \/ Angelos Tzortzinis<\/p>\n<p>B\u00fasqueda de migrantes en el mar Mediterr\u00e1neo a unas 30 millas n\u00e1uticas de la cost de Libia, el 31 de julio de 2017<\/p>\n<p>Ocho cad\u00e1veres fueron hallados este martes en embarcaciones de migrantes en el mar Mediterr\u00e1neo procedentes de Libia, informaron a la AFP guardacostas italianos.<\/p>\n<p>Unas 500 personas fueron rescatadas en cuatro barcos a la deriva, precis\u00f3 la misma fuente. Seg\u00fan la ONG espa\u00f1ola Proactiva Open Arms, que participa en las operaciones de rescate, los cuerpos fueron trasladados a un nav\u00edo mercante.<\/p>\n<h6> 2017-08-01 11:21:04 <\/h6>\n<p><!--\n<link rel=\"stylesheet\" href=\"css\/bootstrap.min.css\">\n\n\n<ul class=\"pagination\">\n\t    \n\t\n\n<li >\n\t<a href='?page_no=14215'>Previous<\/a>\n\t<\/li>\n\n\n       \n    \n\n<li><a href='?page_no=1'>1<\/a><\/li>\n\n\n\n<li><a href='?page_no=2'>2<\/a><\/li>\n\n\n\n<li><a>...<\/a><\/li>\n\n\n\n<li><a href='?page_no=14214'>14214<\/a><\/li>\n\n\n\n<li><a href='?page_no=14215'>14215<\/a><\/li>\n\n\n\n<li class='active'><a>14216<\/a><\/li>\n\n\n\n<li><a href='?page_no=14217'>14217<\/a><\/li>\n\n\n\n<li><a href='?page_no=14218'>14218<\/a><\/li>\n\n\n\n<li><a>...<\/a><\/li>\n\n\n\n<li><a href='?page_no=51012'>51012<\/a><\/li>\n\n\n\n<li><a href='?page_no=51013'>51013<\/a><\/li>\n\n    \n\t\n\n<li >\n\t<a href='?page_no=14217'>Next<\/a>\n\t<\/li>\n\n\n    \n\n<li><a href='?page_no=51013'>Last &rsaquo;&rsaquo;<\/a><\/li>\n\n<\/ul>\n\n\n--><br \/>\n<\/body><\/p>\n","protected":false},"excerpt":{"rendered":"<p>AFP \/ Angelos Tzortzinis B\u00fasqueda de migrantes en el mar Mediterr\u00e1neo a unas 30 millas n\u00e1uticas de la cost de Libia, el 31 de julio de 2017 Ocho cad\u00e1veres fueron hallados este martes en embarcaciones de migrantes en el mar Mediterr\u00e1neo procedentes de Libia, informaron a la AFP guardacostas italianos. Unas 500 personas fueron rescatadas [&hellip;]<\/p>\n","protected":false},"author":3,"featured_media":0,"comment_status":"open","ping_status":"open","sticky":false,"template":"","format":"standard","meta":{"footnotes":""},"categories":[23],"tags":[],"class_list":["post-234956","post","type-post","status-publish","format-standard","hentry","category-internacional"],"_links":{"self":[{"href":"https:\/\/diariodominicano.com\/index.php?rest_route=\/wp\/v2\/posts\/234956","targetHints":{"allow":["GET"]}}],"collection":[{"href":"https:\/\/diariodominicano.com\/index.php?rest_route=\/wp\/v2\/posts"}],"about":[{"href":"https:\/\/diariodominicano.com\/index.php?rest_route=\/wp\/v2\/types\/post"}],"author":[{"embeddable":true,"href":"https:\/\/diariodominicano.com\/index.php?rest_route=\/wp\/v2\/users\/3"}],"replies":[{"embeddable":true,"href":"https:\/\/diariodominicano.com\/index.php?rest_route=%2Fwp%2Fv2%2Fcomments&post=234956"}],"version-history":[{"count":0,"href":"https:\/\/diariodominicano.com\/index.php?rest_route=\/wp\/v2\/posts\/234956\/revisions"}],"wp:attachment":[{"href":"https:\/\/diariodominicano.com\/index.php?rest_route=%2Fwp%2Fv2%2Fmedia&parent=234956"}],"wp:term":[{"taxonomy":"category","embeddable":true,"href":"https:\/\/diariodominicano.com\/index.php?rest_route=%2Fwp%2Fv2%2Fcategories&post=234956"},{"taxonomy":"post_tag","embeddable":true,"href":"https:\/\/diariodominicano.com\/index.php?rest_route=%2Fwp%2Fv2%2Ftags&post=234956"}],"curies":[{"name":"wp","href":"https:\/\/api.w.org\/{rel}","templated":true}]}}