{"id":234951,"date":"2017-08-01T15:11:35","date_gmt":"2017-08-01T15:11:35","guid":{"rendered":"http:\/\/diariodominicano.ddns.net\/?p=234951"},"modified":"2017-08-01T15:11:35","modified_gmt":"2017-08-01T15:11:35","slug":"ataques-coalicion-que-lidera-ee-uu-causa-60-muertos-civiles-sirios","status":"publish","type":"post","link":"https:\/\/diariodominicano.com\/?p=234951","title":{"rendered":"Ataques coalici\u00f3n que lidera EE.UU. causa 60 muertos civiles sirios"},"content":{"rendered":"<p><body><\/p>\n<p><img decoding=\"async\" src=\"img3\/ataque-siria.jpg\" \/>  <\/p>\n<p>Damasco, 1 ago (PL) Por tecera vez en menos de una semana, la aviaci\u00f3n de la Coalici\u00f3n que encabeza Estados Unidos bombarde\u00f3 zonas de la provincia siria de Deir Ezzor y caus\u00f3 la muerte de al menos 60 personas, indicaron hoy fuentes militares.<\/p>\n<\/p>\n<p>Los testimonios al respecto, recogidos en medios de prensa en Damasco, se\u00f1alaron que esta vez los ataques fueron en los poblados de Al Kamsheh, Showeit, Doweir y Al Ashara, en el oriente de la mencionada provincia.<\/p>\n<\/p>\n<p>Aunque no se precisaron cifras de heridos, los estimados los ubican en m\u00e1s de medio centenar, as\u00ed como grandes da\u00f1os en viviendas e instalaciones p\u00fablicas <\/p>\n<\/p>\n<p>Desde hace menos de una semana, los aviones de la llamada Coalici\u00f3n liderada por Washington, bombardea regionbes de Deir Ezzor, en particular la localidad de Al Mayadeen, entre otras, con un n\u00famero de v\u00c3\u00acctimas fatales que supera actualmente el centenar.<\/p>\n<\/p>\n<p>Hace apenas 24 horas, la Canciller\u00c3\u00aca siria denunci\u00f3 esos hechos anteriores y llam\u00f3 a la comunidad internacional a condenar e imnpedir tales actos contra la poblaci\u00f3n civil en mensajes enviados al Consejo de Seguridad de Naciones Unidas.<\/p>\n<h6> 2017-08-01 15:11:35 <\/h6>\n<p><!--\n<link rel=\"stylesheet\" href=\"css\/bootstrap.min.css\">\n\n\n<ul class=\"pagination\">\n\t    \n\t\n\n<li >\n\t<a href='?page_no=14210'>Previous<\/a>\n\t<\/li>\n\n\n       \n    \n\n<li><a href='?page_no=1'>1<\/a><\/li>\n\n\n\n<li><a href='?page_no=2'>2<\/a><\/li>\n\n\n\n<li><a>...<\/a><\/li>\n\n\n\n<li><a href='?page_no=14209'>14209<\/a><\/li>\n\n\n\n<li><a href='?page_no=14210'>14210<\/a><\/li>\n\n\n\n<li class='active'><a>14211<\/a><\/li>\n\n\n\n<li><a href='?page_no=14212'>14212<\/a><\/li>\n\n\n\n<li><a href='?page_no=14213'>14213<\/a><\/li>\n\n\n\n<li><a>...<\/a><\/li>\n\n\n\n<li><a href='?page_no=51012'>51012<\/a><\/li>\n\n\n\n<li><a href='?page_no=51013'>51013<\/a><\/li>\n\n    \n\t\n\n<li >\n\t<a href='?page_no=14212'>Next<\/a>\n\t<\/li>\n\n\n    \n\n<li><a href='?page_no=51013'>Last &rsaquo;&rsaquo;<\/a><\/li>\n\n<\/ul>\n\n\n--><br \/>\n<\/body><\/p>\n","protected":false},"excerpt":{"rendered":"<p>Damasco, 1 ago (PL) Por tecera vez en menos de una semana, la aviaci\u00f3n de la Coalici\u00f3n que encabeza Estados Unidos bombarde\u00f3 zonas de la provincia siria de Deir Ezzor y caus\u00f3 la muerte de al menos 60 personas, indicaron hoy fuentes militares. Los testimonios al respecto, recogidos en medios de prensa en Damasco, se\u00f1alaron [&hellip;]<\/p>\n","protected":false},"author":3,"featured_media":0,"comment_status":"open","ping_status":"open","sticky":false,"template":"","format":"standard","meta":{"footnotes":""},"categories":[23],"tags":[],"class_list":["post-234951","post","type-post","status-publish","format-standard","hentry","category-internacional"],"_links":{"self":[{"href":"https:\/\/diariodominicano.com\/index.php?rest_route=\/wp\/v2\/posts\/234951","targetHints":{"allow":["GET"]}}],"collection":[{"href":"https:\/\/diariodominicano.com\/index.php?rest_route=\/wp\/v2\/posts"}],"about":[{"href":"https:\/\/diariodominicano.com\/index.php?rest_route=\/wp\/v2\/types\/post"}],"author":[{"embeddable":true,"href":"https:\/\/diariodominicano.com\/index.php?rest_route=\/wp\/v2\/users\/3"}],"replies":[{"embeddable":true,"href":"https:\/\/diariodominicano.com\/index.php?rest_route=%2Fwp%2Fv2%2Fcomments&post=234951"}],"version-history":[{"count":0,"href":"https:\/\/diariodominicano.com\/index.php?rest_route=\/wp\/v2\/posts\/234951\/revisions"}],"wp:attachment":[{"href":"https:\/\/diariodominicano.com\/index.php?rest_route=%2Fwp%2Fv2%2Fmedia&parent=234951"}],"wp:term":[{"taxonomy":"category","embeddable":true,"href":"https:\/\/diariodominicano.com\/index.php?rest_route=%2Fwp%2Fv2%2Fcategories&post=234951"},{"taxonomy":"post_tag","embeddable":true,"href":"https:\/\/diariodominicano.com\/index.php?rest_route=%2Fwp%2Fv2%2Ftags&post=234951"}],"curies":[{"name":"wp","href":"https:\/\/api.w.org\/{rel}","templated":true}]}}