{"id":234946,"date":"2017-08-02T00:47:51","date_gmt":"2017-08-02T00:47:51","guid":{"rendered":"http:\/\/diariodominicano.ddns.net\/?p=234946"},"modified":"2017-08-02T00:47:51","modified_gmt":"2017-08-02T00:47:51","slug":"peru-hara-visibles-a-las-poblaciones-indigenas","status":"publish","type":"post","link":"https:\/\/diariodominicano.com\/?p=234946","title":{"rendered":"Per\u00fa har\u00e1 visibles a las poblaciones ind\u00edgenas"},"content":{"rendered":"<p><body><\/p>\n<p><strong> <\/strong><\/p>\n<p><strong>   Por Juan Limachi<\/strong><\/p>\n<\/p>\n<p><strong>   LIMA, 1 ago (Xinhua) &#8211;<\/strong>&#8211; La nueva pol\u00edtica de visibilizaci\u00f3n de las poblaciones ind\u00edgenas de Per\u00fa rescatar\u00e1 la cultura de estas poblaciones originarias, destac\u00f3 hoy la coordinadora de la Organizaci\u00f3n Nacional de Mujeres Ind\u00edgenas y Amaz\u00f3nicas del Per\u00fa (Onamia), Angela Chislla Palomino.<\/p>\n<\/p>\n<p>   \u00abTienen (los ind\u00edgenas) sus formas de rituales, tienen su forma de curarse, tienen su forma de ver la astronom\u00eda, esa es nuestra identidad\u00bb, subray\u00f3 la dirigente de esta organizaci\u00f3n en conversaci\u00f3n con Xinhua.<\/p>\n<\/p>\n<p>   El mensaje a la naci\u00f3n, dirigido el pasado 28 de julio por el presidente peruano, Pedro Pablo Kuczynski, fue difundido en su totalidad en idioma quechua, acto que fue considerado por esta comunidad como un reconocimiento a sus ra\u00edces ancestrales.<\/p>\n<\/p>\n<p>   La pol\u00edtica del gobierno peruano, reconocido por la Onamia, tambi\u00e9n se refleja en el lanzamiento a finales del a\u00f1o pasado de un noticiero en este idioma en el canal 7 televisi\u00f3n de propiedad estatal, patrocinado por el Ministerio de Cultura.<\/p>\n<\/p>\n<p>   Chislla Palomino dijo que el censo de poblaci\u00f3n, que anunci\u00f3 recientemente el Instituto Nacional de Estad\u00edstica e inform\u00e1tica (INEI) para el pr\u00f3ximo 23 de octubre, permitir\u00e1 conocer por primera vez cu\u00e1l es la cantidad de la poblaci\u00f3n originaria en el pa\u00eds y revalorar\u00e1 su cultura.<\/p>\n<\/p>\n<p>   La lengua de los incas, que es la segunda oficial en Per\u00fa, despu\u00e9s del espa\u00f1ol, refleja el dinamismo de una extendida comunidad que pese a las adversidades de 500 a\u00f1os de dominio hispana ha sabido sobrevivir.<\/p>\n<\/p>\n<p>   \u00abEsos son nuestros territorios, nuestras ra\u00edces cuentan, decimos nosotros, porque nuestras ra\u00edces migran con nosotros donde estemos\u00bb, subray\u00f3 la representante de la Onamia al referirse a las \u00faltimas migraciones andinas a las zonas costeras.<\/p>\n<\/p>\n<p>   Aunque esta poblaci\u00f3n originaria ha pasado por diversas etapas traum\u00e1ticas durante el proceso de asimilaci\u00f3n cultural durante el cual en algunas \u00e9pocas se prohibi\u00f3 el uso de su lengua en las escuelas, ahora experimenta un renacimiento.<\/p>\n<\/p>\n<p>   \u00abSomos ind\u00edgenas originarios quechuas, de nuestros andes. Esos conocimientos nadie nos lo quita. La sabidur\u00eda de nuestros ancestros que nos han heredado vive con nosotros todos los d\u00edas\u00bb, sostuvo.<\/p>\n<\/p>\n<p>   Chislla Palomino tambi\u00e9n destac\u00f3 que en Per\u00fa existen otras poblaciones originarias y que sus respectivas lenguas ser\u00e1n visibilizadas, gracias al pr\u00f3ximo censo de poblaci\u00f3n que preparan las autoridades peruanas a trav\u00e9s del INEI para conocer con exactitud su n\u00famero.<\/p>\n<\/p>\n<p>   De acuerdo con el Ministerio de Cultura, estudios interculturales realizados por esta instituci\u00f3n determinaron que existen 55 pueblos originarios minoritarios en todo el territorio peruano.<\/p>\n<\/p>\n<p>   La representante ind\u00edgena tambi\u00e9n record\u00f3 que la Organizaci\u00f3n Internacional de Trabajo (OIT) garantiza, mediante el proceso de consulta previa, la decisi\u00f3n de las poblaciones nativas antes de ceder sus tierras para proyectos de inversi\u00f3n.<\/p>\n<\/p>\n<p>   El Convenio 169 de la OIT establece los principales par\u00e1metros para reconocer el derecho de la consulta previa de las poblaciones ind\u00edgenas en asuntos de inversi\u00f3n, cuando afectan sus comunidades.<\/p>\n<\/p>\n<p>   \u00abNo puede haber un pa\u00eds donde hay consulta previa (sin conocer la poblaci\u00f3n), pues los pueblos no estamos identificados, no estamos visibles\u00bb, enfatiz\u00f3 la coordinadora de la Onamia. <\/p>\n<\/p>\n<p>   Chislla Palomino resalt\u00f3 que uno de los aportes de esta encuesta de poblaci\u00f3n determinar\u00e1 cuantas comunidades nativas y poblaci\u00f3n existe en las determinadas regiones, de las cuales la m\u00e1s desconocida es la regi\u00f3n Amaz\u00f3nica debido a su extensi\u00f3n y por ser una zona agreste.<\/p>\n<\/p>\n<p>   \u00abNuestra autodeterminaci\u00f3n vale mucho porque nosotros somos pueblos ind\u00edgenas, originarios y estamos en los Andes, la Amazonia y en la costa peruana\u00bb, expres\u00f3.<\/p>\n<\/p>\n<p>   Seg\u00fan la dirigente ind\u00edgena, en el pasado existi\u00f3 una pr\u00e1ctica sistem\u00e1tica de querer invisibilizar a la poblaci\u00f3n originaria mediante pr\u00e1cticas segregacionistas y racistas.<\/p>\n<\/p>\n<p>   \u00abAntes era dif\u00edcil decir que \u00e9ramos ind\u00edgenas, nos dec\u00edan que aqu\u00ed no hay indios\u00bb, agreg\u00f3 al sacar a relucir el racismo que persiste en una sociedad donde el 80 por ciento de su poblaci\u00f3n es mestiza y tiene tambi\u00e9n ra\u00edces ind\u00edgenas.<\/p>\n<\/p>\n<p>   El INEI trabaja para desarrollar el primer censo nacional, en el cual se incorporar\u00e1n preguntas relativas al origen \u00e9tnico de sus ciudadanos, como parte del proyecto pol\u00edtico de visibilizaci\u00f3n de las comunidades ancestrales peruanas. Fin<\/p>\n<\/p>\n<h6> 2017-08-02 00:47:51 <\/h6>\n<p><!--\n<link rel=\"stylesheet\" href=\"css\/bootstrap.min.css\">\n\n\n<ul class=\"pagination\">\n\t    \n\t\n\n<li >\n\t<a href='?page_no=14206'>Previous<\/a>\n\t<\/li>\n\n\n       \n    \n\n<li><a href='?page_no=1'>1<\/a><\/li>\n\n\n\n<li><a href='?page_no=2'>2<\/a><\/li>\n\n\n\n<li><a>...<\/a><\/li>\n\n\n\n<li><a href='?page_no=14205'>14205<\/a><\/li>\n\n\n\n<li><a href='?page_no=14206'>14206<\/a><\/li>\n\n\n\n<li class='active'><a>14207<\/a><\/li>\n\n\n\n<li><a href='?page_no=14208'>14208<\/a><\/li>\n\n\n\n<li><a href='?page_no=14209'>14209<\/a><\/li>\n\n\n\n<li><a>...<\/a><\/li>\n\n\n\n<li><a href='?page_no=51012'>51012<\/a><\/li>\n\n\n\n<li><a href='?page_no=51013'>51013<\/a><\/li>\n\n    \n\t\n\n<li >\n\t<a href='?page_no=14208'>Next<\/a>\n\t<\/li>\n\n\n    \n\n<li><a href='?page_no=51013'>Last &rsaquo;&rsaquo;<\/a><\/li>\n\n<\/ul>\n\n\n--><br \/>\n<\/body><\/p>\n","protected":false},"excerpt":{"rendered":"<p>Por Juan Limachi LIMA, 1 ago (Xinhua) &#8211;&#8211; La nueva pol\u00edtica de visibilizaci\u00f3n de las poblaciones ind\u00edgenas de Per\u00fa rescatar\u00e1 la cultura de estas poblaciones originarias, destac\u00f3 hoy la coordinadora de la Organizaci\u00f3n Nacional de Mujeres Ind\u00edgenas y Amaz\u00f3nicas del Per\u00fa (Onamia), Angela Chislla Palomino. \u00abTienen (los ind\u00edgenas) sus formas de rituales, tienen su forma [&hellip;]<\/p>\n","protected":false},"author":3,"featured_media":0,"comment_status":"open","ping_status":"open","sticky":false,"template":"","format":"standard","meta":{"footnotes":""},"categories":[23],"tags":[],"class_list":["post-234946","post","type-post","status-publish","format-standard","hentry","category-internacional"],"_links":{"self":[{"href":"https:\/\/diariodominicano.com\/index.php?rest_route=\/wp\/v2\/posts\/234946","targetHints":{"allow":["GET"]}}],"collection":[{"href":"https:\/\/diariodominicano.com\/index.php?rest_route=\/wp\/v2\/posts"}],"about":[{"href":"https:\/\/diariodominicano.com\/index.php?rest_route=\/wp\/v2\/types\/post"}],"author":[{"embeddable":true,"href":"https:\/\/diariodominicano.com\/index.php?rest_route=\/wp\/v2\/users\/3"}],"replies":[{"embeddable":true,"href":"https:\/\/diariodominicano.com\/index.php?rest_route=%2Fwp%2Fv2%2Fcomments&post=234946"}],"version-history":[{"count":0,"href":"https:\/\/diariodominicano.com\/index.php?rest_route=\/wp\/v2\/posts\/234946\/revisions"}],"wp:attachment":[{"href":"https:\/\/diariodominicano.com\/index.php?rest_route=%2Fwp%2Fv2%2Fmedia&parent=234946"}],"wp:term":[{"taxonomy":"category","embeddable":true,"href":"https:\/\/diariodominicano.com\/index.php?rest_route=%2Fwp%2Fv2%2Fcategories&post=234946"},{"taxonomy":"post_tag","embeddable":true,"href":"https:\/\/diariodominicano.com\/index.php?rest_route=%2Fwp%2Fv2%2Ftags&post=234946"}],"curies":[{"name":"wp","href":"https:\/\/api.w.org\/{rel}","templated":true}]}}