{"id":234914,"date":"2017-08-03T14:20:17","date_gmt":"2017-08-03T14:20:17","guid":{"rendered":"http:\/\/diariodominicano.ddns.net\/?p=234914"},"modified":"2017-08-03T14:20:17","modified_gmt":"2017-08-03T14:20:17","slug":"brexit-ralentaliza-economia-britanica-asegura-experto","status":"publish","type":"post","link":"https:\/\/diariodominicano.com\/?p=234914","title":{"rendered":"Brexit ralentaliza econom\u00eda brit\u00e1nica, asegura experto"},"content":{"rendered":"<p><body><\/p>\n<p><img decoding=\"async\" src=\"img3\/MARK-CARNEY.jpg\" \/>  <\/p>\n<\/p>\n<p>Londres, 3 ago (PL) La econom\u00eda brit\u00e1nica da se\u00f1ales de ralentizaci\u00f3n asociadas al retiro del pa\u00eds de la Uni\u00f3n Europea (Brexit), opin\u00f3 hoy el gobernador del Banco de Inglaterra, Mark Carney.<\/p>\n<\/p>\n<p>El ritmo de la econom\u00eda nacional &#8216;si se me permite decirlo as\u00ed, se ha hecho m\u00e1s lento&#8217;, se\u00f1al\u00f3 Carney, al considerar los efectos en materia de inversiones, oferta, demanda, empleo y salarios.<\/p>\n<\/p>\n<p>A juicio del directivo, la incertidumbre sobre la futura relaci\u00f3n entre Londres y el bloque regional &#8216;est\u00e1 pesando sobre las decisiones de las empresas y hogares, y frena tanto la oferta como la demanda&#8217;.<\/p>\n<\/p>\n<p>En tales condiciones, el banco emisor notific\u00f3 este jueves pron\u00f3sticos menos optimistas para el Producto Interno Bruto en 2017, al rebajar las previsiones de expansi\u00f3n de 1,9 a 1,7 puntos porcentuales, por lo que decidi\u00f3 mantener los tipos de inter\u00e9s en un m\u00ednimo hist\u00f3rico de 0,25 por ciento.<\/p>\n<\/p>\n<p>La instituci\u00f3n recort\u00f3 tambi\u00e9n sus estimados sobre los salarios para 2018, con un avance que podr\u00eda llegar al tres por ciento frente al 3,5 por ciento previsto anteriormente.<\/p>\n<\/p>\n<p>A causa del Brexit, hay empresas menos dispuestas a ofrecer mayores aumentos salariales, pues &#8216;no est\u00e1 claro cu\u00e1l ser\u00e1 su acceso al mercado (europeo) durante los pr\u00f3ximos a\u00f1os&#8217;, indic\u00f3 el banquero.<\/p>\n<\/p>\n<p>Las negociaciones para el retiro brit\u00e1nico de la agrupaci\u00f3n europea deber\u00e1n concluir en un plazo de dos a\u00f1os, tras la solicitud formal de Londres en marzo de 2017.<\/p>\n<h6> 2017-08-03 14:20:17 <\/h6>\n<p><!--\n<link rel=\"stylesheet\" href=\"css\/bootstrap.min.css\">\n\n\n<ul class=\"pagination\">\n\t    \n\t\n\n<li >\n\t<a href='?page_no=14178'>Previous<\/a>\n\t<\/li>\n\n\n       \n    \n\n<li><a href='?page_no=1'>1<\/a><\/li>\n\n\n\n<li><a href='?page_no=2'>2<\/a><\/li>\n\n\n\n<li><a>...<\/a><\/li>\n\n\n\n<li><a href='?page_no=14177'>14177<\/a><\/li>\n\n\n\n<li><a href='?page_no=14178'>14178<\/a><\/li>\n\n\n\n<li class='active'><a>14179<\/a><\/li>\n\n\n\n<li><a href='?page_no=14180'>14180<\/a><\/li>\n\n\n\n<li><a href='?page_no=14181'>14181<\/a><\/li>\n\n\n\n<li><a>...<\/a><\/li>\n\n\n\n<li><a href='?page_no=51012'>51012<\/a><\/li>\n\n\n\n<li><a href='?page_no=51013'>51013<\/a><\/li>\n\n    \n\t\n\n<li >\n\t<a href='?page_no=14180'>Next<\/a>\n\t<\/li>\n\n\n    \n\n<li><a href='?page_no=51013'>Last &rsaquo;&rsaquo;<\/a><\/li>\n\n<\/ul>\n\n\n--><br \/>\n<\/body><\/p>\n","protected":false},"excerpt":{"rendered":"<p>Londres, 3 ago (PL) La econom\u00eda brit\u00e1nica da se\u00f1ales de ralentizaci\u00f3n asociadas al retiro del pa\u00eds de la Uni\u00f3n Europea (Brexit), opin\u00f3 hoy el gobernador del Banco de Inglaterra, Mark Carney. El ritmo de la econom\u00eda nacional &#8216;si se me permite decirlo as\u00ed, se ha hecho m\u00e1s lento&#8217;, se\u00f1al\u00f3 Carney, al considerar los efectos en [&hellip;]<\/p>\n","protected":false},"author":3,"featured_media":0,"comment_status":"open","ping_status":"open","sticky":false,"template":"","format":"standard","meta":{"footnotes":""},"categories":[23],"tags":[],"class_list":["post-234914","post","type-post","status-publish","format-standard","hentry","category-internacional"],"_links":{"self":[{"href":"https:\/\/diariodominicano.com\/index.php?rest_route=\/wp\/v2\/posts\/234914","targetHints":{"allow":["GET"]}}],"collection":[{"href":"https:\/\/diariodominicano.com\/index.php?rest_route=\/wp\/v2\/posts"}],"about":[{"href":"https:\/\/diariodominicano.com\/index.php?rest_route=\/wp\/v2\/types\/post"}],"author":[{"embeddable":true,"href":"https:\/\/diariodominicano.com\/index.php?rest_route=\/wp\/v2\/users\/3"}],"replies":[{"embeddable":true,"href":"https:\/\/diariodominicano.com\/index.php?rest_route=%2Fwp%2Fv2%2Fcomments&post=234914"}],"version-history":[{"count":0,"href":"https:\/\/diariodominicano.com\/index.php?rest_route=\/wp\/v2\/posts\/234914\/revisions"}],"wp:attachment":[{"href":"https:\/\/diariodominicano.com\/index.php?rest_route=%2Fwp%2Fv2%2Fmedia&parent=234914"}],"wp:term":[{"taxonomy":"category","embeddable":true,"href":"https:\/\/diariodominicano.com\/index.php?rest_route=%2Fwp%2Fv2%2Fcategories&post=234914"},{"taxonomy":"post_tag","embeddable":true,"href":"https:\/\/diariodominicano.com\/index.php?rest_route=%2Fwp%2Fv2%2Ftags&post=234914"}],"curies":[{"name":"wp","href":"https:\/\/api.w.org\/{rel}","templated":true}]}}