{"id":234912,"date":"2017-08-03T14:31:02","date_gmt":"2017-08-03T14:31:02","guid":{"rendered":"http:\/\/diariodominicano.ddns.net\/?p=234912"},"modified":"2017-08-03T14:31:02","modified_gmt":"2017-08-03T14:31:02","slug":"ataques-aereos-en-norte-afgano-causan-ocho-insurgentes-muertos","status":"publish","type":"post","link":"https:\/\/diariodominicano.com\/?p=234912","title":{"rendered":"Ataques a\u00e9reos en norte afgano causan ocho insurgentes muertos"},"content":{"rendered":"<p><body><\/p>\n<p><img decoding=\"async\" src=\"img3\/Fuerzas-Afganas.jpg\" \/>  <\/p>\n<p>Kabul, 3 ago (PL) Al menos ocho talibanes murieron y siete resultaron heridos en dos ataques a\u00e9reos lanzados en las provincias de Badakhshan y Kunduz, en el norte de Afganist\u00e1n, inform\u00f3 hoy el Ej\u00e9rcito<\/p>\n<\/p>\n<p>Seg\u00fan la fuente, las fuerzas afganas atacaron un veh\u00edculo de los insurgentes en el distrito de Tagab, en Badakhshan, y en la demarcaci\u00f3n de Kunduz dispararon contra una escondite.<\/p>\n<\/p>\n<p>Actualmente la formaci\u00f3n irregular controla m\u00e1s de la mitad del territorio del pa\u00eds y despliega una ola de violencia que agudiza el clima de inestabilidad y desaf\u00eda la capacidad del gobierno afgano de ejercer eficazmente su autoridad.<\/p>\n<\/p>\n<p>Expertos califican de indetenibles las acciones terroristas en tierras afganas, donde tropas estadounidenses garantizaron por m\u00e1s de 15 a\u00f1os su presencia militar en la regi\u00f3n asi\u00e1tica.<\/p>\n<\/p>\n<p>Pese a los alegados fines de lucha contra el terrorismo, el Pent\u00e1gono no ha mostrado resultados tras la intervenci\u00f3n en ese empobrecido pa\u00eds en 2001, con apoyo de aliados de la Organizaci\u00f3n del Tratado del Atl\u00e1ntico Norte.<\/p>\n<h6> 2017-08-03 14:31:02 <\/h6>\n<p><!--\n<link rel=\"stylesheet\" href=\"css\/bootstrap.min.css\">\n\n\n<ul class=\"pagination\">\n\t    \n\t\n\n<li >\n\t<a href='?page_no=14176'>Previous<\/a>\n\t<\/li>\n\n\n       \n    \n\n<li><a href='?page_no=1'>1<\/a><\/li>\n\n\n\n<li><a href='?page_no=2'>2<\/a><\/li>\n\n\n\n<li><a>...<\/a><\/li>\n\n\n\n<li><a href='?page_no=14175'>14175<\/a><\/li>\n\n\n\n<li><a href='?page_no=14176'>14176<\/a><\/li>\n\n\n\n<li class='active'><a>14177<\/a><\/li>\n\n\n\n<li><a href='?page_no=14178'>14178<\/a><\/li>\n\n\n\n<li><a href='?page_no=14179'>14179<\/a><\/li>\n\n\n\n<li><a>...<\/a><\/li>\n\n\n\n<li><a href='?page_no=51012'>51012<\/a><\/li>\n\n\n\n<li><a href='?page_no=51013'>51013<\/a><\/li>\n\n    \n\t\n\n<li >\n\t<a href='?page_no=14178'>Next<\/a>\n\t<\/li>\n\n\n    \n\n<li><a href='?page_no=51013'>Last &rsaquo;&rsaquo;<\/a><\/li>\n\n<\/ul>\n\n\n--><br \/>\n<\/body><\/p>\n","protected":false},"excerpt":{"rendered":"<p>Kabul, 3 ago (PL) Al menos ocho talibanes murieron y siete resultaron heridos en dos ataques a\u00e9reos lanzados en las provincias de Badakhshan y Kunduz, en el norte de Afganist\u00e1n, inform\u00f3 hoy el Ej\u00e9rcito Seg\u00fan la fuente, las fuerzas afganas atacaron un veh\u00edculo de los insurgentes en el distrito de Tagab, en Badakhshan, y en [&hellip;]<\/p>\n","protected":false},"author":3,"featured_media":0,"comment_status":"open","ping_status":"open","sticky":false,"template":"","format":"standard","meta":{"footnotes":""},"categories":[23],"tags":[],"class_list":["post-234912","post","type-post","status-publish","format-standard","hentry","category-internacional"],"_links":{"self":[{"href":"https:\/\/diariodominicano.com\/index.php?rest_route=\/wp\/v2\/posts\/234912","targetHints":{"allow":["GET"]}}],"collection":[{"href":"https:\/\/diariodominicano.com\/index.php?rest_route=\/wp\/v2\/posts"}],"about":[{"href":"https:\/\/diariodominicano.com\/index.php?rest_route=\/wp\/v2\/types\/post"}],"author":[{"embeddable":true,"href":"https:\/\/diariodominicano.com\/index.php?rest_route=\/wp\/v2\/users\/3"}],"replies":[{"embeddable":true,"href":"https:\/\/diariodominicano.com\/index.php?rest_route=%2Fwp%2Fv2%2Fcomments&post=234912"}],"version-history":[{"count":0,"href":"https:\/\/diariodominicano.com\/index.php?rest_route=\/wp\/v2\/posts\/234912\/revisions"}],"wp:attachment":[{"href":"https:\/\/diariodominicano.com\/index.php?rest_route=%2Fwp%2Fv2%2Fmedia&parent=234912"}],"wp:term":[{"taxonomy":"category","embeddable":true,"href":"https:\/\/diariodominicano.com\/index.php?rest_route=%2Fwp%2Fv2%2Fcategories&post=234912"},{"taxonomy":"post_tag","embeddable":true,"href":"https:\/\/diariodominicano.com\/index.php?rest_route=%2Fwp%2Fv2%2Ftags&post=234912"}],"curies":[{"name":"wp","href":"https:\/\/api.w.org\/{rel}","templated":true}]}}