{"id":234909,"date":"2017-08-04T00:45:37","date_gmt":"2017-08-04T00:45:37","guid":{"rendered":"http:\/\/diariodominicano.ddns.net\/?p=234909"},"modified":"2017-08-04T00:45:37","modified_gmt":"2017-08-04T00:45:37","slug":"presidente-de-ecuador-retira-funciones-a-vicepresidente","status":"publish","type":"post","link":"https:\/\/diariodominicano.com\/?p=234909","title":{"rendered":"Presidente de Ecuador retira funciones a vicepresidente"},"content":{"rendered":"<p><body><\/p>\n<p><img decoding=\"async\" src=\"img3\/acb776637549a297415ce6d5815c138417787676.jpg\" \/>  <\/p>\n<\/p>\n<p><strong>   QUITO, 3 ago (Xinhua) &#8211;<\/strong>&#8211; El presidente de Ecuador, Len\u00edn Moreno, retir\u00f3 hoy jueves todas las funciones asignadas al vicepresidente, Jorge Glas, su correligionario pol\u00edtico.<\/p>\n<\/p>\n<p>   Moreno firm\u00f3 hoy un decreto ejecutivo mediante el cual oficializ\u00f3 el retiro de funciones asignadas a Glas el pasado 24 de mayo, cuando ambos asumieron el poder.<\/p>\n<\/p>\n<p>   En el decreto, que fue publicado en el sitio web de la Presidencia, se retira a Glas de la integraci\u00f3n y el encargo de la articulaci\u00f3n del Consejo Consultivo Sectorial de la Producci\u00f3n, as\u00ed como de la integraci\u00f3n del Comit\u00e9 Ejecutivo del Consejo Consultivo Productivo y Tributario.<\/p>\n<\/p>\n<p>   El decreto tambi\u00e9n retira a Glas de la integraci\u00f3n y presidencia del Comit\u00e9 para la Reconstrucci\u00f3n y Reactivaci\u00f3n Productiva y del Empleo en las zonas afectadas por el terremoto ocurrido el 16 de abril de 2016 en la costa norte del pa\u00eds.<\/p>\n<\/p>\n<p>   El evento de 7,8 grados Richter afect\u00f3 a las provincias costeras de Manab\u00ed y Esmeraldas, dejando un saldo de 673 muertos y gran devastaci\u00f3n.<\/p>\n<\/p>\n<p>   En una disposici\u00f3n general, el decreto firmado por el mandatario dispone la derogaci\u00f3n de todas las normas de igual o menor jerarqu\u00eda que contengan delegaciones al vicepresidente del pa\u00eds.<\/p>\n<\/p>\n<p>   \u00abEl Decreto Ejecutivo entrar\u00e1 en vigencia a partir de su expedici\u00f3n, sin perjuicio de su publicaci\u00f3n en el Registro Oficial\u00bb, se\u00f1al\u00f3 el documento firmado por Moreno en el Palacio de Gobierno.<\/p>\n<\/p>\n<p>   La decisi\u00f3n presidencial se produce un d\u00eda despu\u00e9s de que el vicepresidente marcara distancia con Moreno y criticara algunas de sus decisiones y medidas tomadas en lo que va de su administraci\u00f3n.<\/p>\n<\/p>\n<p>   Glas, quien fue vicepresidente en los \u00faltimos cuatro a\u00f1os de gobierno del ex mandatario Rafael Correa (2007-2017), hizo p\u00fablicas sus diferencias con Moreno en una carta p\u00fablica.<\/p>\n<\/p>\n<p>   \u00abS\u00e9 a lo que me enfrento por denunciar de manera frontal lo que est\u00e1 pasando y la posible aplicaci\u00f3n de un paquetazo contra mi pueblo\u00bb, afirm\u00f3 el vicepresidente en la misiva.<\/p>\n<\/p>\n<p>   Entre otras cosas, Glas denunci\u00f3 que \u00abse est\u00e1 orquestando el retorno del viejo pa\u00eds a trav\u00e9s del reparto, del tongo (del arreglo). Se construye un escenario propicio para la corrupci\u00f3n institucionalizada\u00bb.<\/p>\n<\/p>\n<p>   El choque entre las m\u00e1ximas figuras del Poder Ejecutivo ha generado un clima de tensi\u00f3n al interior del oficialismo y en el movimiento Alianza PAIS (AP, de izquierda) al que pertenecen ambos l\u00edderes.<\/p>\n<\/p>\n<p>   Adem\u00e1s de Glas, el ex presidente Correa tambi\u00e9n ha criticado duramente algunas decisiones pol\u00edticas de Moreno, quien fue su vicepresidente entre 2007 y 2013.<\/p>\n<\/p>\n<p>   Correa, radicado ahora en B\u00e9lgica, ha rechazado el di\u00e1logo que ha mantenido Moreno con sectores de oposici\u00f3n cr\u00edticos de su gesti\u00f3n en la \u00faltima d\u00e9cada y ha denunciado supuestos pactos del actual gobernante con la oposici\u00f3n.<\/p>\n<\/p>\n<p>   La noche del mi\u00e9rcoles, en un mensaje dirigido a la militancia oficialista de Alianza PAIS, Moreno llam\u00f3 a la unidad y no caer \u00aben el juego de la ruptura\u00bb, ante diferencias p\u00fablicas con Correa y Glas.<\/p>\n<\/p>\n<p>   \u00abLes convoco a cerrar filas para continuar luchando juntos por el nuevo Ecuador en unidad, con transparencia, compromiso y la pasi\u00f3n que siempre le hemos puesto a esta revoluci\u00f3n\u00bb, dijo Moreno en un mensaje difundido en las redes sociales.<\/p>\n<\/p>\n<p>   El presidente apunt\u00f3 que \u00abel di\u00e1logo y la recuperaci\u00f3n de un amplio apoyo social a la revoluci\u00f3n no implican claudicaciones ni entreguismos\u00bb. Fin<\/p>\n<\/p>\n<p>&#8212;&#8212;&#8212;&#8212;&#8212;&#8212;&#8212;&#8212;&#8212;&#8212;&#8212;&#8212;&#8212;&#8212;&#8212;&#8212;&#8212;&#8212;&#8212;&#8212;&#8212;<\/p>\n<\/p>\n<p><strong>Vicepresidente de Ecuador llama a militancia oficialista a estar en \u00abm\u00e1xima alerta\u00bb<\/strong><\/p>\n<\/p>\n<p>   QUITO, 3 ago (Xinhua) &#8212; El vicepresidente de Ecuador, Jorge Glas, quien marc\u00f3 distancia con el presidente Len\u00edn Moreno, llam\u00f3 hoy a la militancia del movimiento oficialista Alianza PAIS (AP) a mantenerse en \u00abm\u00e1xima alerta\u00bb en defensa de la \u00abRevoluci\u00f3n Ciudadana\u00bb.<\/p>\n<\/p>\n<p>   \u00abHay que estar en m\u00e1xima alerta por la defensa de nuestra &#8216;Revoluci\u00f3n Ciudadana&#8217; y los principios y los valores que nos unen; nuestra ideolog\u00eda marca el ejercicio del poder\u00bb, dijo Glas en una entrevista con el medio digital \u00abEcuadorInmediato\u00bb.<\/p>\n<\/p>\n<p>   \u00ab\u00bfQui\u00e9n gobernaba antes del a\u00f1o 2007? La partidocracia (como se llama a la oposici\u00f3n) y la bancocracia. A partir de 2007, la gente, esa es la gran diferencia\u00bb, apunt\u00f3.<\/p>\n<\/p>\n<p>   \u00abLa Revoluci\u00f3n Ciudadana\u00bb es el proyecto de tinte socialista impulsado por el ex mandatario y fundador de AP, Rafael Correa (2007-2017), ahora radicado en B\u00e9lgica.<\/p>\n<\/p>\n<p>   Las declaraciones de Glas surgen en medio de una tensi\u00f3n interna en el gobierno y en el movimiento oficialista por choques entre sus m\u00e1ximas figuras.<\/p>\n<\/p>\n<p>   Tanto Correa como Glas han criticado p\u00fablicamente algunas decisiones pol\u00edticas y medidas tomadas por Len\u00edn Moreno en sus primeros dos meses de gobierno.<\/p>\n<\/p>\n<p>   Las tensiones se agudizaron el mi\u00e9rcoles tras una carta p\u00fablica de Glas, en la que da a conocer sus diferencias con algunas decisiones, que a su juicio, \u00abconstituyen un enga\u00f1o a todo el pueblo ecuatoriano\u00bb.<\/p>\n<\/p>\n<p>   Glas denunci\u00f3 \u00abla posible aplicaci\u00f3n de un paquetazo\u00bb contra el pueblo y que \u00abse est\u00e1 orquestando el retorno del viejo pa\u00eds a trav\u00e9s del reparto, del tongo (del arreglo)\u00bb.<\/p>\n<\/p>\n<p>   \u00abSe construye un escenario propicio para la corrupci\u00f3n institucionalizada\u00bb, se\u00f1al\u00f3 entonces.<\/p>\n<\/p>\n<p>   Hoy jueves, Glas dijo que \u00aben lo personal no pretendo generar ninguna suerte de inestabilidad pol\u00edtica, pero, sin embargo, creo que hay cosas que estamos a tiempo de comunicar transparentemente a la ciudadan\u00eda\u00bb.<\/p>\n<\/p>\n<p>   \u00abHay mucha de nuestra militancia que est\u00e1 inconforme, nosotros estamos unidos y espero que as\u00ed lo siga siendo en base a nuestros principios; la ciudadan\u00eda vot\u00f3 por Alianza PAIS\u00bb, apunt\u00f3.<\/p>\n<\/p>\n<p>   El vicepresidente destac\u00f3 que \u00abhay un plan de gobierno, pero no s\u00f3lo es construir casas o entregar bonos, hay una ideolog\u00eda detr\u00e1s, entonces, cuidado, se construye a espaldas del pueblo ecuatoriano una agenda de ajustes, recortes, subida de impuestos regresivos\u00bb. <\/p>\n<\/p>\n<p>   Glas descart\u00f3 la posibilidad de que se generen las condiciones para recurrir al mecanismo constitucional de la \u00abmuerte cruzada\u00bb, una figura que fue incluida en la Constituci\u00f3n de 2008 y que permite al Congreso disolver al Ejecutivo, y viceversa, y convocar a elecciones generales.<\/p>\n<\/p>\n<p>   \u00abYo creo que no es un escenario la &#8216;muerte cruzada&#8217;, no es lo que esperan los ecuatorianos y no creo que eso sea positivo para el pa\u00eds\u00bb, sostuvo.<\/p>\n<\/p>\n<p>   El vicepresidente afirm\u00f3 que un eventual retiro de funciones a \u00e9l, lo tendr\u00e1 que decidir el presidente Len\u00edn Moreno.<\/p>\n<\/p>\n<p>   No obstante, dej\u00f3 entrever la posibilidad de que se le retire las funciones al frente del Comit\u00e9 encargado de la reconstrucci\u00f3n de las zonas afectadas por el terremoto de 7,8 grados que sacudi\u00f3 la costa norte el 16 de abril de 2016.<\/p>\n<\/p>\n<p>   \u00abHe enfrentado momentos dif\u00edciles, duros\u00bb, subray\u00f3 Glas, tras anotar que si se le quitan funciones \u00abme pondr\u00e9 a trabajar con la ciudadana, exponiendo la calidad de los servicios p\u00fablicos\u00bb. <\/p>\n<\/p>\n<p>   Al asumir el poder el 24 de mayo pasado, Moreno deleg\u00f3 adem\u00e1s a Glas presidir el Consejo Sectorial de la Producci\u00f3n para definir pol\u00edticas en esta materia.<\/p>\n<\/p>\n<p>   Glas, quien dijo confiar en la bancada oficialista en la Asamblea Nacional, indic\u00f3 que desea hacer enlaces los d\u00edas s\u00e1bados para informar a la ciudadan\u00eda.<\/p>\n<\/p>\n<p>   Previamente, la secretaria Ejecutiva de AP, Gabriela Rivadeneira, tambi\u00e9n hizo un llamado a toda la militancia tras las tensiones entre las m\u00e1ximas autoridades del gobierno.<\/p>\n<\/p>\n<p>   \u00abMantenerse en estado de alerta y movilizaci\u00f3n, cerrar filas con el fin de preservar la unidad real y la coherencia del movimiento y defender la voluntad popular expresada en las urnas\u00bb, pidi\u00f3 Rivadeneira en una carta. Fin<\/p>\n<h6> 2017-08-04 00:45:37 <\/h6>\n<p><!--\n<link rel=\"stylesheet\" href=\"css\/bootstrap.min.css\">\n\n\n<ul class=\"pagination\">\n\t    \n\t\n\n<li >\n\t<a href='?page_no=14173'>Previous<\/a>\n\t<\/li>\n\n\n       \n    \n\n<li><a href='?page_no=1'>1<\/a><\/li>\n\n\n\n<li><a href='?page_no=2'>2<\/a><\/li>\n\n\n\n<li><a>...<\/a><\/li>\n\n\n\n<li><a href='?page_no=14172'>14172<\/a><\/li>\n\n\n\n<li><a href='?page_no=14173'>14173<\/a><\/li>\n\n\n\n<li class='active'><a>14174<\/a><\/li>\n\n\n\n<li><a href='?page_no=14175'>14175<\/a><\/li>\n\n\n\n<li><a href='?page_no=14176'>14176<\/a><\/li>\n\n\n\n<li><a>...<\/a><\/li>\n\n\n\n<li><a href='?page_no=51012'>51012<\/a><\/li>\n\n\n\n<li><a href='?page_no=51013'>51013<\/a><\/li>\n\n    \n\t\n\n<li >\n\t<a href='?page_no=14175'>Next<\/a>\n\t<\/li>\n\n\n    \n\n<li><a href='?page_no=51013'>Last &rsaquo;&rsaquo;<\/a><\/li>\n\n<\/ul>\n\n\n--><br \/>\n<\/body><\/p>\n","protected":false},"excerpt":{"rendered":"<p>QUITO, 3 ago (Xinhua) &#8211;&#8211; El presidente de Ecuador, Len\u00edn Moreno, retir\u00f3 hoy jueves todas las funciones asignadas al vicepresidente, Jorge Glas, su correligionario pol\u00edtico. Moreno firm\u00f3 hoy un decreto ejecutivo mediante el cual oficializ\u00f3 el retiro de funciones asignadas a Glas el pasado 24 de mayo, cuando ambos asumieron el poder. En el decreto, [&hellip;]<\/p>\n","protected":false},"author":3,"featured_media":0,"comment_status":"open","ping_status":"open","sticky":false,"template":"","format":"standard","meta":{"footnotes":""},"categories":[23],"tags":[],"class_list":["post-234909","post","type-post","status-publish","format-standard","hentry","category-internacional"],"_links":{"self":[{"href":"https:\/\/diariodominicano.com\/index.php?rest_route=\/wp\/v2\/posts\/234909","targetHints":{"allow":["GET"]}}],"collection":[{"href":"https:\/\/diariodominicano.com\/index.php?rest_route=\/wp\/v2\/posts"}],"about":[{"href":"https:\/\/diariodominicano.com\/index.php?rest_route=\/wp\/v2\/types\/post"}],"author":[{"embeddable":true,"href":"https:\/\/diariodominicano.com\/index.php?rest_route=\/wp\/v2\/users\/3"}],"replies":[{"embeddable":true,"href":"https:\/\/diariodominicano.com\/index.php?rest_route=%2Fwp%2Fv2%2Fcomments&post=234909"}],"version-history":[{"count":0,"href":"https:\/\/diariodominicano.com\/index.php?rest_route=\/wp\/v2\/posts\/234909\/revisions"}],"wp:attachment":[{"href":"https:\/\/diariodominicano.com\/index.php?rest_route=%2Fwp%2Fv2%2Fmedia&parent=234909"}],"wp:term":[{"taxonomy":"category","embeddable":true,"href":"https:\/\/diariodominicano.com\/index.php?rest_route=%2Fwp%2Fv2%2Fcategories&post=234909"},{"taxonomy":"post_tag","embeddable":true,"href":"https:\/\/diariodominicano.com\/index.php?rest_route=%2Fwp%2Fv2%2Ftags&post=234909"}],"curies":[{"name":"wp","href":"https:\/\/api.w.org\/{rel}","templated":true}]}}