{"id":234908,"date":"2017-08-04T00:51:25","date_gmt":"2017-08-04T00:51:25","guid":{"rendered":"http:\/\/diariodominicano.ddns.net\/?p=234908"},"modified":"2017-08-04T00:51:25","modified_gmt":"2017-08-04T00:51:25","slug":"maduro-confirma-instalacion-de-asamblea-constituyente-manana-viernes","status":"publish","type":"post","link":"https:\/\/diariodominicano.com\/?p=234908","title":{"rendered":"Maduro confirma instalaci\u00f3n de Asamblea Constituyente ma\u00f1ana viernes"},"content":{"rendered":"<p><body><\/p>\n<p><img decoding=\"async\" src=\"img3\/136495751_15017265225731n.jpg\" \/>  <\/p>\n<\/p>\n<p><strong>   CARACAS, 3 ago (Xinhua) &#8212;<\/strong> El presidente de Venezuela, Nicol\u00e1s Maduro, confirm\u00f3 hoy que ma\u00f1ana viernes se llevar\u00e1 a cabo la instalaci\u00f3n de la Asamblea Nacional Constituyente (ANC) electa el pasado domingo.<\/p>\n<\/p>\n<p>   \u00abYa la Constituyente empieza a prepararse para su magna instalaci\u00f3n del d\u00eda de ma\u00f1ana. Me han informado que todos los preparativos van en perfecta cooperaci\u00f3n. Ser\u00e1 la Constituyente quien hable y decida\u00bb, dijo Maduro en una transmisi\u00f3n de la estatal Venezolana de Televisi\u00f3n.<\/p>\n<\/p>\n<p>   \u00abHay un buen esp\u00edritu de preparaci\u00f3n. Yo pido a todas las instituciones y al pueblo paz, tranquilidad, alegr\u00eda, serenidad\u00bb, expres\u00f3 Maduro, quien confirm\u00f3 que ma\u00f1ana viernes est\u00e1 prevista tambi\u00e9n una \u00abgran movilizaci\u00f3n del pueblo para llevar la Constituyente\u00bb a la sede del Palacio Federal Legislativo.<\/p>\n<\/p>\n<p>   El pasado 30 de julio Venezuela vivi\u00f3 una jornada electoral en la que m\u00e1s de ocho millones de venezolanos eligieron a 537 de los 545 constituyentistas, seg\u00fan cifras ofrecidas del CNE.<\/p>\n<\/p>\n<p>   Los pueblos originarios tienen derecho a ocho asamble\u00edstas en la ANC, tres de los cuales representan a los estados de Anzo\u00e1tegui, Apure Bol\u00edvar, Monagas y Delta Amacuro (este), cuatro en Zulia, M\u00e9rida y Trujillo (oeste) y uno a Apure y Amazonas (sur).<\/p>\n<\/p>\n<p>   Estos ocho constituyentistas fueron elegidos el pasado martes.<\/p>\n<\/p>\n<p>   La instalaci\u00f3n de la ANC est\u00e1 prevista ma\u00f1ana viernes a las 11:00, hora local, en el Palacio Federal Legislativo, ubicado en el centro de Caracas. Fin<\/p>\n<\/p>\n<h6> 2017-08-04 00:51:25 <\/h6>\n<p><!--\n<link rel=\"stylesheet\" href=\"css\/bootstrap.min.css\">\n\n\n<ul class=\"pagination\">\n\t    \n\t\n\n<li >\n\t<a href='?page_no=14172'>Previous<\/a>\n\t<\/li>\n\n\n       \n    \n\n<li><a href='?page_no=1'>1<\/a><\/li>\n\n\n\n<li><a href='?page_no=2'>2<\/a><\/li>\n\n\n\n<li><a>...<\/a><\/li>\n\n\n\n<li><a href='?page_no=14171'>14171<\/a><\/li>\n\n\n\n<li><a href='?page_no=14172'>14172<\/a><\/li>\n\n\n\n<li class='active'><a>14173<\/a><\/li>\n\n\n\n<li><a href='?page_no=14174'>14174<\/a><\/li>\n\n\n\n<li><a href='?page_no=14175'>14175<\/a><\/li>\n\n\n\n<li><a>...<\/a><\/li>\n\n\n\n<li><a href='?page_no=51012'>51012<\/a><\/li>\n\n\n\n<li><a href='?page_no=51013'>51013<\/a><\/li>\n\n    \n\t\n\n<li >\n\t<a href='?page_no=14174'>Next<\/a>\n\t<\/li>\n\n\n    \n\n<li><a href='?page_no=51013'>Last &rsaquo;&rsaquo;<\/a><\/li>\n\n<\/ul>\n\n\n--><br \/>\n<\/body><\/p>\n","protected":false},"excerpt":{"rendered":"<p>CARACAS, 3 ago (Xinhua) &#8212; El presidente de Venezuela, Nicol\u00e1s Maduro, confirm\u00f3 hoy que ma\u00f1ana viernes se llevar\u00e1 a cabo la instalaci\u00f3n de la Asamblea Nacional Constituyente (ANC) electa el pasado domingo. \u00abYa la Constituyente empieza a prepararse para su magna instalaci\u00f3n del d\u00eda de ma\u00f1ana. Me han informado que todos los preparativos van en [&hellip;]<\/p>\n","protected":false},"author":3,"featured_media":0,"comment_status":"open","ping_status":"open","sticky":false,"template":"","format":"standard","meta":{"footnotes":""},"categories":[23],"tags":[],"class_list":["post-234908","post","type-post","status-publish","format-standard","hentry","category-internacional"],"_links":{"self":[{"href":"https:\/\/diariodominicano.com\/index.php?rest_route=\/wp\/v2\/posts\/234908","targetHints":{"allow":["GET"]}}],"collection":[{"href":"https:\/\/diariodominicano.com\/index.php?rest_route=\/wp\/v2\/posts"}],"about":[{"href":"https:\/\/diariodominicano.com\/index.php?rest_route=\/wp\/v2\/types\/post"}],"author":[{"embeddable":true,"href":"https:\/\/diariodominicano.com\/index.php?rest_route=\/wp\/v2\/users\/3"}],"replies":[{"embeddable":true,"href":"https:\/\/diariodominicano.com\/index.php?rest_route=%2Fwp%2Fv2%2Fcomments&post=234908"}],"version-history":[{"count":0,"href":"https:\/\/diariodominicano.com\/index.php?rest_route=\/wp\/v2\/posts\/234908\/revisions"}],"wp:attachment":[{"href":"https:\/\/diariodominicano.com\/index.php?rest_route=%2Fwp%2Fv2%2Fmedia&parent=234908"}],"wp:term":[{"taxonomy":"category","embeddable":true,"href":"https:\/\/diariodominicano.com\/index.php?rest_route=%2Fwp%2Fv2%2Fcategories&post=234908"},{"taxonomy":"post_tag","embeddable":true,"href":"https:\/\/diariodominicano.com\/index.php?rest_route=%2Fwp%2Fv2%2Ftags&post=234908"}],"curies":[{"name":"wp","href":"https:\/\/api.w.org\/{rel}","templated":true}]}}