{"id":234907,"date":"2017-08-04T07:40:39","date_gmt":"2017-08-04T07:40:39","guid":{"rendered":"http:\/\/diariodominicano.ddns.net\/?p=234907"},"modified":"2017-08-04T07:40:39","modified_gmt":"2017-08-04T07:40:39","slug":"vaticano-expresa-profunda-preocupacion-por-venezuela","status":"publish","type":"post","link":"https:\/\/diariodominicano.com\/?p=234907","title":{"rendered":"Vaticano expresa \u00abprofunda\u00bb preocupaci\u00f3n por Venezuela"},"content":{"rendered":"<p><body><\/p>\n<p><img decoding=\"async\" src=\"img3\/BanderaVene.jpg\" \/>  <\/p>\n<p><span class=\"text1noticias\">VATICANO, 04 Ago. 17 (ACI).- El Vaticano ha emitido un comunicado en el que una vez m\u00e1s expresa su preocupaci\u00f3n por la situaci\u00f3n que se vive en Venezuela y que se ha visto agravada por las recientes elecciones a la Asamblea Nacional Constituyente deseada por el gobierno de Nicol\u00e1s Maduro.<\/span><\/p>\n<p><span class=\"text1noticias\"> <\/span><\/p>\n<p><span class=\"text1noticias\">Adem\u00e1s, \u00abla Santa Sede pide a todos los actores pol\u00edticos, y en particular al Gobierno, que se asegure el pleno respeto de los derechos humanos y de las libertades fundamentales, como tambi\u00e9n de la vigente Constituci\u00f3n\u00bb.<\/span><\/p>\n<p><span class=\"text1noticias\"> <\/span><\/p>\n<p><span class=\"text1noticias\">Este es el texto completo del comunicado:<\/span><\/p>\n<p><span class=\"text1noticias\"> <\/span><\/p>\n<p><span class=\"text1noticias\">La Santa Sede manifiesta nuevamente su profunda preocupaci\u00f3n por la radicalizaci\u00f3n y el agravamiento de la crisis en la Rep\u00fablica Bolivariana de Venezuela, por el aumento de los muertos, de los heridos y de los detenidos. El Santo Padre, directamente y a trav\u00e9s de la Secretar\u00eda de Estado, sigue de cerca dicha situaci\u00f3n y sus implicaciones humanitarias, sociales, pol\u00edticas, econ\u00f3micas e incluso espirituales. Asimismo, asegura su constante oraci\u00f3n por el Pa\u00eds y por todos los venezolanos, mientras invita a los fieles de todo el mundo a rezar intensamente por esta intenci\u00f3n.<\/span><\/p>\n<p><span class=\"text1noticias\"> <\/span><\/p>\n<p><span class=\"text1noticias\">Al mismo tiempo, la Santa Sede pide a todos los actores pol\u00edticos, y en particular al Gobierno, que se asegure el pleno respeto de los derechos humanos y de las libertades fundamentales, como tambi\u00e9n de la vigente Constituci\u00f3n; se eviten o se suspendan las iniciativas en curso como la nueva Constituyente que, m\u00e1s que favorecer la reconciliaci\u00f3n y la paz, fomentan un clima de tensi\u00f3n y enfrentamiento e hipotecan el futuro; se creen las condiciones para una soluci\u00f3n negociada de acuerdo con las indicaciones expresadas en la carta de la Secretar\u00eda de Estado del 1 de diciembre de 2016, teniendo en cuenta el grave sufrimiento del pueblo a causa de las dificultades para obtener alimentos y medicamentos, y por la falta de seguridad.<\/span><\/p>\n<p><span class=\"text1noticias\"> <\/span><\/p>\n<p><span class=\"text1noticias\">La Santa Sede dirige, finalmente, un apremiante llamamiento a toda la sociedad para que sea evitada toda forma de violencia, invitando, en particular, a las Fuerzas de seguridad a abstenerse del uso excesivo y desproporcionado de la fu<\/span>erza.<\/p>\n<h6> 2017-08-04 07:40:39 <\/h6>\n<p><!--\n<link rel=\"stylesheet\" href=\"css\/bootstrap.min.css\">\n\n\n<ul class=\"pagination\">\n\t    \n\t\n\n<li >\n\t<a href='?page_no=14171'>Previous<\/a>\n\t<\/li>\n\n\n       \n    \n\n<li><a href='?page_no=1'>1<\/a><\/li>\n\n\n\n<li><a href='?page_no=2'>2<\/a><\/li>\n\n\n\n<li><a>...<\/a><\/li>\n\n\n\n<li><a href='?page_no=14170'>14170<\/a><\/li>\n\n\n\n<li><a href='?page_no=14171'>14171<\/a><\/li>\n\n\n\n<li class='active'><a>14172<\/a><\/li>\n\n\n\n<li><a href='?page_no=14173'>14173<\/a><\/li>\n\n\n\n<li><a href='?page_no=14174'>14174<\/a><\/li>\n\n\n\n<li><a>...<\/a><\/li>\n\n\n\n<li><a href='?page_no=51012'>51012<\/a><\/li>\n\n\n\n<li><a href='?page_no=51013'>51013<\/a><\/li>\n\n    \n\t\n\n<li >\n\t<a href='?page_no=14173'>Next<\/a>\n\t<\/li>\n\n\n    \n\n<li><a href='?page_no=51013'>Last &rsaquo;&rsaquo;<\/a><\/li>\n\n<\/ul>\n\n\n--><br \/>\n<\/body><\/p>\n","protected":false},"excerpt":{"rendered":"<p>VATICANO, 04 Ago. 17 (ACI).- El Vaticano ha emitido un comunicado en el que una vez m\u00e1s expresa su preocupaci\u00f3n por la situaci\u00f3n que se vive en Venezuela y que se ha visto agravada por las recientes elecciones a la Asamblea Nacional Constituyente deseada por el gobierno de Nicol\u00e1s Maduro. Adem\u00e1s, \u00abla Santa Sede pide [&hellip;]<\/p>\n","protected":false},"author":3,"featured_media":0,"comment_status":"open","ping_status":"open","sticky":false,"template":"","format":"standard","meta":{"footnotes":""},"categories":[23],"tags":[],"class_list":["post-234907","post","type-post","status-publish","format-standard","hentry","category-internacional"],"_links":{"self":[{"href":"https:\/\/diariodominicano.com\/index.php?rest_route=\/wp\/v2\/posts\/234907","targetHints":{"allow":["GET"]}}],"collection":[{"href":"https:\/\/diariodominicano.com\/index.php?rest_route=\/wp\/v2\/posts"}],"about":[{"href":"https:\/\/diariodominicano.com\/index.php?rest_route=\/wp\/v2\/types\/post"}],"author":[{"embeddable":true,"href":"https:\/\/diariodominicano.com\/index.php?rest_route=\/wp\/v2\/users\/3"}],"replies":[{"embeddable":true,"href":"https:\/\/diariodominicano.com\/index.php?rest_route=%2Fwp%2Fv2%2Fcomments&post=234907"}],"version-history":[{"count":0,"href":"https:\/\/diariodominicano.com\/index.php?rest_route=\/wp\/v2\/posts\/234907\/revisions"}],"wp:attachment":[{"href":"https:\/\/diariodominicano.com\/index.php?rest_route=%2Fwp%2Fv2%2Fmedia&parent=234907"}],"wp:term":[{"taxonomy":"category","embeddable":true,"href":"https:\/\/diariodominicano.com\/index.php?rest_route=%2Fwp%2Fv2%2Fcategories&post=234907"},{"taxonomy":"post_tag","embeddable":true,"href":"https:\/\/diariodominicano.com\/index.php?rest_route=%2Fwp%2Fv2%2Ftags&post=234907"}],"curies":[{"name":"wp","href":"https:\/\/api.w.org\/{rel}","templated":true}]}}