{"id":234905,"date":"2017-08-04T14:29:05","date_gmt":"2017-08-04T14:29:05","guid":{"rendered":"http:\/\/diariodominicano.ddns.net\/?p=234905"},"modified":"2017-08-04T14:29:05","modified_gmt":"2017-08-04T14:29:05","slug":"la-huelga-en-el-aeropuerto-de-barcelona-provoca-largas-esperas","status":"publish","type":"post","link":"https:\/\/diariodominicano.com\/?p=234905","title":{"rendered":"La huelga en el aeropuerto de Barcelona provoca largas esperas"},"content":{"rendered":"<p><body><\/p>\n<p><img decoding=\"async\" src=\"img3\/bb8f69337ae23f02564751c706108ba378df5bea.jpg\" \/>  <\/p>\n<\/p>\n<p>AFP \/ Josep Lago<\/p>\n<p>Una multitud de pasajeros hace cola para pasar los controles de seguridad este viernes 4 de agosto en el aeropuerto de El Prat, en Barcelona, donde los agentes de seguridad iniciaron una huelga parcial<\/p>\n<p>Los agentes de seguridad del aeropuerto de El Prat de Barcelona empezaron este viernes una huelga parcial que prolong\u00f3 de modo considerable las colas de espera ya habitualmente largas en este aeropuerto muy frecuentado por los turistas, constat\u00f3 la AFP.<\/p>\n<p>Nerviosos por perder su vuelo, viajeros de diferentes nacionalidades se congregaban, impacientes, en las colas que se expand\u00edan mucho m\u00e1s all\u00e1 de la zona delimitada antes del control de seguridad, seg\u00fan un fot\u00f3grafo de AFP.<\/p>\n<p>Una portavoz de Aena, gestor semip\u00fablico de los aeropuertos espa\u00f1oles, recomend\u00f3 a los pasajeros llegar con antelaci\u00f3n y evoc\u00f3 una espera de \u00abun m\u00ednimo de 40 minutos\u00bb. Los viajeros aseguraron que las esperas fueron mucho m\u00e1s largas.<\/p>\n<p>Los trabajadores deben respetar unos servicios m\u00ednimos del 90% fijados por la Delegaci\u00f3n del Gobierno de Catalu\u00f1a, precis\u00f3 a la AFP Juan Carlos Gim\u00e9nez, portavoz del comit\u00e9 de huelga de los empleados del grupo privado Eulen, encargado de la seguridad del aeropuerto y cuya personal no est\u00e1 sindicado.<\/p>\n<p>Los huelguistas denuncian la falta de efectivos y la sobrecarga de trabajo de los alrededor de 360 agentes contratados por Eulen, un grupo que emplea a 86.000 personas en 14 pa\u00edses.<\/p>\n<p>Seg\u00fan Gim\u00e9nez, la carga de trabajo conlleva \u00abmuchas bajas por problemas psicol\u00f3gicos, depresiones (&#8230;) y tambi\u00e9n afecta a la seguridad\u00bb.<\/p>\n<p>El tr\u00e1fico de viajeros aument\u00f3 en m\u00e1s de un 60% entre 2009 y 2016 en este aeropuerto por la implantaci\u00f3n de numerosas compa\u00f1\u00edas de bajo coste y el atractivo de la ciudad de Barcelona y las costas de Catalu\u00f1a.<\/p>\n<p>La huelga comporta cuatro paros de una hora cada d\u00eda, de viernes al lunes, y se alargar\u00e1 la semana que viene. A partir del 14 de agosto, los trabajadores prev\u00e9n hacer una huelga total e indefinida.<\/p>\n<p>Este viernes, Aena se sent\u00f3 a negociar con los representantes de los huelguistas y el grupo Eulen en busca de un acuerdo, indic\u00f3 la portavoz del gestor aeroportuario.<\/p>\n<p>En mayo, el aeropuerto de Barcelona-El Prat, el segundo de Espa\u00f1a despu\u00e9s de Madrid-Barajas, qued\u00f3 saturado con esperas de hasta tres horas por la falta de polic\u00edas para efectuar controles sistem\u00e1ticos del pasaporte a los viajeros. Para solucionarlo, se reforz\u00f3 la plantilla y se instalaron esc\u00e1neres de pasaporte suplementarios.<\/p>\n<h6> 2017-08-04 14:29:05 <\/h6>\n<p><!--\n<link rel=\"stylesheet\" href=\"css\/bootstrap.min.css\">\n\n\n<ul class=\"pagination\">\n\t    \n\t\n\n<li >\n\t<a href='?page_no=14169'>Previous<\/a>\n\t<\/li>\n\n\n       \n    \n\n<li><a href='?page_no=1'>1<\/a><\/li>\n\n\n\n<li><a href='?page_no=2'>2<\/a><\/li>\n\n\n\n<li><a>...<\/a><\/li>\n\n\n\n<li><a href='?page_no=14168'>14168<\/a><\/li>\n\n\n\n<li><a href='?page_no=14169'>14169<\/a><\/li>\n\n\n\n<li class='active'><a>14170<\/a><\/li>\n\n\n\n<li><a href='?page_no=14171'>14171<\/a><\/li>\n\n\n\n<li><a href='?page_no=14172'>14172<\/a><\/li>\n\n\n\n<li><a>...<\/a><\/li>\n\n\n\n<li><a href='?page_no=51012'>51012<\/a><\/li>\n\n\n\n<li><a href='?page_no=51013'>51013<\/a><\/li>\n\n    \n\t\n\n<li >\n\t<a href='?page_no=14171'>Next<\/a>\n\t<\/li>\n\n\n    \n\n<li><a href='?page_no=51013'>Last &rsaquo;&rsaquo;<\/a><\/li>\n\n<\/ul>\n\n\n--><br \/>\n<\/body><\/p>\n","protected":false},"excerpt":{"rendered":"<p>AFP \/ Josep Lago Una multitud de pasajeros hace cola para pasar los controles de seguridad este viernes 4 de agosto en el aeropuerto de El Prat, en Barcelona, donde los agentes de seguridad iniciaron una huelga parcial Los agentes de seguridad del aeropuerto de El Prat de Barcelona empezaron este viernes una huelga parcial [&hellip;]<\/p>\n","protected":false},"author":3,"featured_media":0,"comment_status":"open","ping_status":"open","sticky":false,"template":"","format":"standard","meta":{"footnotes":""},"categories":[23],"tags":[],"class_list":["post-234905","post","type-post","status-publish","format-standard","hentry","category-internacional"],"_links":{"self":[{"href":"https:\/\/diariodominicano.com\/index.php?rest_route=\/wp\/v2\/posts\/234905","targetHints":{"allow":["GET"]}}],"collection":[{"href":"https:\/\/diariodominicano.com\/index.php?rest_route=\/wp\/v2\/posts"}],"about":[{"href":"https:\/\/diariodominicano.com\/index.php?rest_route=\/wp\/v2\/types\/post"}],"author":[{"embeddable":true,"href":"https:\/\/diariodominicano.com\/index.php?rest_route=\/wp\/v2\/users\/3"}],"replies":[{"embeddable":true,"href":"https:\/\/diariodominicano.com\/index.php?rest_route=%2Fwp%2Fv2%2Fcomments&post=234905"}],"version-history":[{"count":0,"href":"https:\/\/diariodominicano.com\/index.php?rest_route=\/wp\/v2\/posts\/234905\/revisions"}],"wp:attachment":[{"href":"https:\/\/diariodominicano.com\/index.php?rest_route=%2Fwp%2Fv2%2Fmedia&parent=234905"}],"wp:term":[{"taxonomy":"category","embeddable":true,"href":"https:\/\/diariodominicano.com\/index.php?rest_route=%2Fwp%2Fv2%2Fcategories&post=234905"},{"taxonomy":"post_tag","embeddable":true,"href":"https:\/\/diariodominicano.com\/index.php?rest_route=%2Fwp%2Fv2%2Ftags&post=234905"}],"curies":[{"name":"wp","href":"https:\/\/api.w.org\/{rel}","templated":true}]}}