{"id":234903,"date":"2017-08-04T14:33:02","date_gmt":"2017-08-04T14:33:02","guid":{"rendered":"http:\/\/diariodominicano.ddns.net\/?p=234903"},"modified":"2017-08-04T14:33:02","modified_gmt":"2017-08-04T14:33:02","slug":"polemica-constituyente-se-instalo-en-venezuela-pese-a-rechazo-internacional","status":"publish","type":"post","link":"https:\/\/diariodominicano.com\/?p=234903","title":{"rendered":"Pol\u00e9mica Constituyente se instal\u00f3 en Venezuela pese a rechazo internacional&#13;"},"content":{"rendered":"<p><body><\/p>\n<p><img decoding=\"async\" src=\"img3\/d1bfacc87e20360831f217e5fc1ed3345925fa47.jpg\" \/><br \/><img decoding=\"async\" src=\"img3\/9da3c6f91bcbd772fd4bfca968846c67c017e2a2.jpg\" \/><br \/><img decoding=\"async\" src=\"img3\/b9d44fdedb04c5bea53a8509b0d2bebd551c2f2e.jpg\" \/>  <\/p>\n<\/p>\n<p>AFP \/ JUAN BARRETO<\/p>\n<p>Los miembros de la Asamblea Constituyente, Delcy Rodr\u00edguez (c), Cilia Flores (2oD) y Diosdado Cabello (d) en el Congreso Nacional en Caracas el 4 de agosto de 2017<\/p>\n<p>La controvertida Asamblea Constituyente se instal\u00f3 este viernes en Venezuela, en ausencia del presidente Nicol\u00e1s Maduro, pese al rechazo internacional, las dudas por un supuesto fraude en su elecci\u00f3n y las protestas opositoras que denuncian el fin de la democracia en este pa\u00eds.<\/p>\n<p>Ante los asamble\u00edstas elegidos y la plana mayor del chavismo, fue juramentada como presidenta la beligerante excanciller Delcy Rodriguez, de 48 a\u00f1os, quien prest\u00f3 juramento con una bandera venezolana en la mano y la Carta Magna.<\/p>\n<p>\u00abSe hizo gigante el d\u00eda de hoy, creci\u00f3 por s\u00ed mismo. Agradezco al presidente Maduro por haber activado los poderes sabios del pueblo venezolano\u00bb, asegur\u00f3 Rodr\u00edguez en su discurso.<\/p>\n<p>LLevando un gran retrato del fallecido presidente Hugo Ch\u00e1vez (1999-2013) y del libertador Sim\u00f3n Bol\u00edvar, Rodr\u00edguez, junto con el poderoso dirigente Diosdado Cabello y la primera dama Cilia Flores, tambi\u00e9n asamble\u00edstas, ingresaron al Palacio Legislativo, a la cabeza de una marcha de seguidores del oficialismo.<\/p>\n<\/p>\n<p>AFP \/ JUAN BARRETO<\/p>\n<p>Activistas pro gobierno sostienen im\u00e1genes del expresidente venezolano Hugo Ch\u00e1vez y del libertador Sim\u00f3n Bol\u00edvar, durante un acto celebrado en la jornada de instalaci\u00f3n de la Asamblea Constituyente, el 4 de agosto de 2017 en Caracas<\/p>\n<p>La Constituyente sesionar\u00e1 por tiempo indefinido en el Sal\u00f3n El\u00edptico del Palacio Legislativo, frente al hemiciclo donde realiza sus debates el Parlamento de mayor\u00eda opositora.<\/p>\n<p>\u00abEl pueblo hoy regresa a la Asamblea de donde no ten\u00eda que salir\u00bb, dijo Euclides Vivas, de 72 a\u00f1os, con un distintivo en el pecho que rezaba \u00abNo al fascismo\u00bb.<\/p>\n<p>&#8211; \u00abHipoteca el futuro\u00bb &#8211;<\/p>\n<p>La instalaci\u00f3n de la Constituyente se realiza en medio de un fuerte rechazo internacional, seriamente cuestionada por acusaciones de \u00abfraude\u00bb en la elecci\u00f3n el pasado domingo de los 545 asamble\u00edstas.<\/p>\n<p>El Vaticano pidi\u00f3 este viernes que se suspenda la Constituyente por fomentar \u00abun clima de tensi\u00f3n\u00bb e \u00abhipotecar el futuro\u00bb, lo que ya exigi\u00f3 Estados Unidos, la Uni\u00f3n Europea y una decena de pa\u00edses latinoamericanos que la consideran una amenaza a la democracia.<\/p>\n<p>Maduro afirma que su proyecto traer\u00e1 paz a un pa\u00eds convulsionado por protestas que dejan unos 125 muertos en cuatro meses, y lo sacar\u00e1 de la crisis econ\u00f3mica que agobia a los venezolanos con una escasez cr\u00f3nica de alimentos y medicinas, y una brutal inflaci\u00f3n.<\/p>\n<\/p>\n<p>AFP\/Archivos \/ JUAN BARRETO<\/p>\n<p>Antonio Ledezma, alcalde de Caracas, durante una marcha el 11 de marzo de 2014 en la capital<\/p>\n<p>La opositora Mesa de la Unidad Democr\u00e1tica (MUD), que convoc\u00f3 a una marcha en Caracas para la tarde de este viernes, considera la Constituyente un \u00abfraude\u00bb con el que Maduro busca evadir elecciones, perpetuarse en el poder e instaurar un r\u00e9gimen comunista.<\/p>\n<p>Poco antes de la instalaci\u00f3n, el alcalde de Caracas Antonio Ledezma fue devuelto a su casa, en detenci\u00f3n domiciliaria, tras haber sido encarcelado el martes con el opositor Leopoldo L\u00f3pez.<\/p>\n<p>&#8211; \u00ab\u00a1Fraude!\u00bb &#8211;<\/p>\n<p>Dos d\u00edas antes de la toma de posesi\u00f3n de la Constituyente, la empresa Smartmatic, que dio soporte tecnol\u00f3gico a los comicios, denunci\u00f3 que el Consejo Nacional Electoral (CNE) \u00abmanipul\u00f3\u00bb la cifra de votantes.<\/p>\n<p>Seg\u00fan el CNE, sufragaron ocho millones de electores, un mill\u00f3n m\u00e1s de lo que calcula Smartmatic, en unos comicios donde la asistencia era clave, pues la MUD asegura que logr\u00f3 el 16 de julio 7,6 millones de votos en un plebiscito simb\u00f3lico contra la Constituyente.<\/p>\n<\/p>\n<p>AFP \/ Anella Reta, Gustavo Izus<\/p>\n<p>Ficha sobre la Asamblea Constituyente venezolana que debe instalarse el 4 de agosto<\/p>\n<p>La denuncia golpe\u00f3 a\u00fan m\u00e1s su legitimidad, cuestionada desde un inicio porque Maduro la convoc\u00f3 sin referendo previo y porque su sistema comicial, seg\u00fan los opositores, favorec\u00eda el control al gobierno.<\/p>\n<p>El lunes, un d\u00eda despu\u00e9s de la elecci\u00f3n, el gobierno de Donald Trump impuso sanciones financieras y jur\u00eddicas a Maduro, a quien llama \u00abdictador\u00bb, tras hacerlo la semana pasada con 13 funcionarios venezolanos, incluida la presidenta del CNE, Tibisay Lucena.<\/p>\n<p>Maduro denuncia una campa\u00f1a \u00abdel enemigo internacional\u00bb comandada por Estados Unidos y que siguen \u00abgobiernos neoliberales de derecha serviles al imperialismo\u00bb.<\/p>\n<p>La crisis venezolana ser\u00e1 tratada por los cancilleres del Mercosur en Brasil el s\u00e1bado y por ministros del continente en Per\u00fa la semana pr\u00f3xima.<\/p>\n<p>&#8211; \u00abUn salvavidas\u00bb &#8211;<\/p>\n<p>Un 80% de venezolanos rechaza la gesti\u00f3n de Maduro y 72% su Constituyente, seg\u00fan Datan\u00e1lisis. Pero el presidente cont\u00f3 con el apoyo de los poderes judicial, electoral y militar para llevar adelante su proyecto.<\/p>\n<p>\u00abM\u00e1s que cambiar la Constituci\u00f3n, el objetivo es gobernar sin l\u00edmites. Es el mecanismo de autocratizaci\u00f3n del gobierno (&#8230;), su salvavidas\u00bb, declar\u00f3 a AFP el analista Benigno Alarc\u00f3n.<\/p>\n<p>El proyecto aviv\u00f3 las protestas y fractur\u00f3 al chavismo. La fiscal general, Luisa Ortega, confesa chavista, lo considera un \u00abcheque en blanco\u00bb para satisfacer una \u00abambici\u00f3n dictatorial\u00bb.<\/p>\n<p>El gobierno ha advertido que la Constituyente, encargada de sustituir con un nuevo texto la Carta Magna de 1999 impulsada por Ch\u00e1vez, se ocupar\u00e1 de la fiscal y los parlamentarios y dirigentes opositores.<\/p>\n<p>En plena tensi\u00f3n, un magistrado nombrado por el Parlamento fue arrestado, otros cinco se refugiaron en la embajada de Chile, y Panam\u00e1 le concedi\u00f3 asilo a dos m\u00e1s este viernes.<\/p>\n<p>\u00abViene un aumento de la conflictividad frente a un proyecto impuesto a la fuerza\u00bb, asegur\u00f3 a la AFP la analista Colette Capriles.<\/p>\n<p>Aunque Maduro prometi\u00f3 que la nueva Carta Magna ser\u00e1 sometida a referendo, la Constituyente tomar\u00e1 decisiones de aplicaci\u00f3n inmediata.<\/p>\n<h6> 2017-08-04 14:33:02 <\/h6>\n<p><!--\n<link rel=\"stylesheet\" href=\"css\/bootstrap.min.css\">\n\n\n<ul class=\"pagination\">\n\t    \n\t\n\n<li >\n\t<a href='?page_no=14168'>Previous<\/a>\n\t<\/li>\n\n\n       \n    \n\n<li><a href='?page_no=1'>1<\/a><\/li>\n\n\n\n<li><a href='?page_no=2'>2<\/a><\/li>\n\n\n\n<li><a>...<\/a><\/li>\n\n\n\n<li><a href='?page_no=14167'>14167<\/a><\/li>\n\n\n\n<li><a href='?page_no=14168'>14168<\/a><\/li>\n\n\n\n<li class='active'><a>14169<\/a><\/li>\n\n\n\n<li><a href='?page_no=14170'>14170<\/a><\/li>\n\n\n\n<li><a href='?page_no=14171'>14171<\/a><\/li>\n\n\n\n<li><a>...<\/a><\/li>\n\n\n\n<li><a href='?page_no=51012'>51012<\/a><\/li>\n\n\n\n<li><a href='?page_no=51013'>51013<\/a><\/li>\n\n    \n\t\n\n<li >\n\t<a href='?page_no=14170'>Next<\/a>\n\t<\/li>\n\n\n    \n\n<li><a href='?page_no=51013'>Last &rsaquo;&rsaquo;<\/a><\/li>\n\n<\/ul>\n\n\n--><br \/>\n<\/body><\/p>\n","protected":false},"excerpt":{"rendered":"<p>AFP \/ JUAN BARRETO Los miembros de la Asamblea Constituyente, Delcy Rodr\u00edguez (c), Cilia Flores (2oD) y Diosdado Cabello (d) en el Congreso Nacional en Caracas el 4 de agosto de 2017 La controvertida Asamblea Constituyente se instal\u00f3 este viernes en Venezuela, en ausencia del presidente Nicol\u00e1s Maduro, pese al rechazo internacional, las dudas por [&hellip;]<\/p>\n","protected":false},"author":3,"featured_media":0,"comment_status":"open","ping_status":"open","sticky":false,"template":"","format":"standard","meta":{"footnotes":""},"categories":[23],"tags":[],"class_list":["post-234903","post","type-post","status-publish","format-standard","hentry","category-internacional"],"_links":{"self":[{"href":"https:\/\/diariodominicano.com\/index.php?rest_route=\/wp\/v2\/posts\/234903","targetHints":{"allow":["GET"]}}],"collection":[{"href":"https:\/\/diariodominicano.com\/index.php?rest_route=\/wp\/v2\/posts"}],"about":[{"href":"https:\/\/diariodominicano.com\/index.php?rest_route=\/wp\/v2\/types\/post"}],"author":[{"embeddable":true,"href":"https:\/\/diariodominicano.com\/index.php?rest_route=\/wp\/v2\/users\/3"}],"replies":[{"embeddable":true,"href":"https:\/\/diariodominicano.com\/index.php?rest_route=%2Fwp%2Fv2%2Fcomments&post=234903"}],"version-history":[{"count":0,"href":"https:\/\/diariodominicano.com\/index.php?rest_route=\/wp\/v2\/posts\/234903\/revisions"}],"wp:attachment":[{"href":"https:\/\/diariodominicano.com\/index.php?rest_route=%2Fwp%2Fv2%2Fmedia&parent=234903"}],"wp:term":[{"taxonomy":"category","embeddable":true,"href":"https:\/\/diariodominicano.com\/index.php?rest_route=%2Fwp%2Fv2%2Fcategories&post=234903"},{"taxonomy":"post_tag","embeddable":true,"href":"https:\/\/diariodominicano.com\/index.php?rest_route=%2Fwp%2Fv2%2Ftags&post=234903"}],"curies":[{"name":"wp","href":"https:\/\/api.w.org\/{rel}","templated":true}]}}