{"id":234901,"date":"2017-08-04T14:53:52","date_gmt":"2017-08-04T14:53:52","guid":{"rendered":"http:\/\/diariodominicano.ddns.net\/?p=234901"},"modified":"2017-08-04T14:53:52","modified_gmt":"2017-08-04T14:53:52","slug":"argentinas-encabezaran-caravana-contra-la-violencia-de-genero","status":"publish","type":"post","link":"https:\/\/diariodominicano.com\/?p=234901","title":{"rendered":"Argentinas encabezar\u00e1n caravana contra la violencia de g\u00e9nero"},"content":{"rendered":"<p><body><\/p>\n<p><img decoding=\"async\" src=\"img3\/1Protesta-Argentina.jpg\" \/>  <\/p>\n<p><strong> Buenos Aires, 4 ago<\/strong> (PL) Organizaciones femeninas encabezar\u00e1n hoy una marcha desde el barrio porte\u00f1o de San Telmo hasta la sede de la Direcci\u00f3n General de la Mujer para pedir la activaci\u00f3n de un protocolo de acci\u00f3n contra la violencia de g\u00e9nero.<\/p>\n<\/p>\n<p>&#8216;De noche queremos ser libres, no valientes&#8217;, apunta en una nota el diario P\u00e1gina 12 que se hace eco de esta caravana nocturna en defensa de las mujeres para alertar sobre un flagelo que sufren y del que no ven una soluci\u00f3n.<\/p>\n<\/p>\n<p>En declaraciones difundida por ese medio, la directora del Observatorio de G\u00e9nero y Pol\u00edticas P\u00fablicas, Vicotira Freire, apunt\u00f3 que elaboraron &#8216;estrategias para cuidarse por la noche: nos avisamos cuando llegamos, caminamos juntas, modificamos nuestro recorrido&#8217;.<\/p>\n<\/p>\n<p>\u00bfEsto es normal?, cuestion\u00f3 Freire. No nos vamos a resignar a ser mujeres con miedo por la violencia machista, dijo.<\/p>\n<\/p>\n<p>La aspirante a legisladora por la capital a\u00f1adi\u00f3 que los dispositivos implementados en la ciudad para prevenir estas situaciones &#8216;no tienen presupuesto ni efectividad y son muy limitados&#8217;.<\/p>\n<\/p>\n<p>Seg\u00fan lo previsto, la caravana arrancar\u00e1 a las 20:00 hora local y congregar\u00e1 a varios grupos de mujeres y activistas.<\/p>\n<\/p>\n<p>Tanto en la ciudad como a nivel de pa\u00eds, Argentina est\u00e1 siendo fuertemente golpeada por los femicidios con cifras alarmantes que reportan un caso de este tipo cada 30 horas.<\/p>\n<\/p>\n<p>Pese a las campa\u00f1as que lleva adelante el Estado y las multitudinarias marchas que encabeza la organizaci\u00f3n Ni una menos, estos casos parecen indetenibles y las cifras siguen aumentando.<\/p>\n<h6> 2017-08-04 14:53:52 <\/h6>\n<p><!--\n<link rel=\"stylesheet\" href=\"css\/bootstrap.min.css\">\n\n\n<ul class=\"pagination\">\n\t    \n\t\n\n<li >\n\t<a href='?page_no=14166'>Previous<\/a>\n\t<\/li>\n\n\n       \n    \n\n<li><a href='?page_no=1'>1<\/a><\/li>\n\n\n\n<li><a href='?page_no=2'>2<\/a><\/li>\n\n\n\n<li><a>...<\/a><\/li>\n\n\n\n<li><a href='?page_no=14165'>14165<\/a><\/li>\n\n\n\n<li><a href='?page_no=14166'>14166<\/a><\/li>\n\n\n\n<li class='active'><a>14167<\/a><\/li>\n\n\n\n<li><a href='?page_no=14168'>14168<\/a><\/li>\n\n\n\n<li><a href='?page_no=14169'>14169<\/a><\/li>\n\n\n\n<li><a>...<\/a><\/li>\n\n\n\n<li><a href='?page_no=51012'>51012<\/a><\/li>\n\n\n\n<li><a href='?page_no=51013'>51013<\/a><\/li>\n\n    \n\t\n\n<li >\n\t<a href='?page_no=14168'>Next<\/a>\n\t<\/li>\n\n\n    \n\n<li><a href='?page_no=51013'>Last &rsaquo;&rsaquo;<\/a><\/li>\n\n<\/ul>\n\n\n--><br \/>\n<\/body><\/p>\n","protected":false},"excerpt":{"rendered":"<p>Buenos Aires, 4 ago (PL) Organizaciones femeninas encabezar\u00e1n hoy una marcha desde el barrio porte\u00f1o de San Telmo hasta la sede de la Direcci\u00f3n General de la Mujer para pedir la activaci\u00f3n de un protocolo de acci\u00f3n contra la violencia de g\u00e9nero. &#8216;De noche queremos ser libres, no valientes&#8217;, apunta en una nota el diario [&hellip;]<\/p>\n","protected":false},"author":3,"featured_media":0,"comment_status":"open","ping_status":"open","sticky":false,"template":"","format":"standard","meta":{"footnotes":""},"categories":[23],"tags":[],"class_list":["post-234901","post","type-post","status-publish","format-standard","hentry","category-internacional"],"_links":{"self":[{"href":"https:\/\/diariodominicano.com\/index.php?rest_route=\/wp\/v2\/posts\/234901","targetHints":{"allow":["GET"]}}],"collection":[{"href":"https:\/\/diariodominicano.com\/index.php?rest_route=\/wp\/v2\/posts"}],"about":[{"href":"https:\/\/diariodominicano.com\/index.php?rest_route=\/wp\/v2\/types\/post"}],"author":[{"embeddable":true,"href":"https:\/\/diariodominicano.com\/index.php?rest_route=\/wp\/v2\/users\/3"}],"replies":[{"embeddable":true,"href":"https:\/\/diariodominicano.com\/index.php?rest_route=%2Fwp%2Fv2%2Fcomments&post=234901"}],"version-history":[{"count":0,"href":"https:\/\/diariodominicano.com\/index.php?rest_route=\/wp\/v2\/posts\/234901\/revisions"}],"wp:attachment":[{"href":"https:\/\/diariodominicano.com\/index.php?rest_route=%2Fwp%2Fv2%2Fmedia&parent=234901"}],"wp:term":[{"taxonomy":"category","embeddable":true,"href":"https:\/\/diariodominicano.com\/index.php?rest_route=%2Fwp%2Fv2%2Fcategories&post=234901"},{"taxonomy":"post_tag","embeddable":true,"href":"https:\/\/diariodominicano.com\/index.php?rest_route=%2Fwp%2Fv2%2Ftags&post=234901"}],"curies":[{"name":"wp","href":"https:\/\/api.w.org\/{rel}","templated":true}]}}