{"id":234899,"date":"2017-08-04T15:00:34","date_gmt":"2017-08-04T15:00:34","guid":{"rendered":"http:\/\/diariodominicano.ddns.net\/?p=234899"},"modified":"2017-08-04T15:00:34","modified_gmt":"2017-08-04T15:00:34","slug":"onu-trabaja-en-nueva-mision-para-acompanar-la-paz-en-colombia","status":"publish","type":"post","link":"https:\/\/diariodominicano.com\/?p=234899","title":{"rendered":"ONU trabaja en nueva misi\u00f3n para acompa\u00f1ar la paz en Colombia"},"content":{"rendered":"<p><body><\/p>\n<p><img decoding=\"async\" src=\"img3\/paz-colombia.jpg\" \/>  <\/p>\n<p><strong> Naciones Unidas, 4 ago (PL)<\/strong> La Secretar\u00eda de las Naciones Unidas trabaja en los detalles para establecer una segunda misi\u00f3n pol\u00edtica para acompa\u00f1ar el proceso de paz en Colombia, confirm\u00f3 hoy un vocero.<\/p>\n<\/p>\n<p>St\u00e9phane Dujarric, el portavoz del secretario general Ant\u00f3nio Guterres, dijo a Prensa Latina que la conformaci\u00f3n de la nueva entidad marcha en sinton\u00eda con la resoluci\u00f3n 2366, adoptada el 10 de julio por el Consejo de Seguridad, como parte del apoyo de la ONU a la implementaci\u00f3n del acuerdo de paz firmado en noviembre pasado por el Gobierno colombiano y las FARC-EP. El Consejo decidi\u00f3 crear una nueva misi\u00f3n, con el mandato de verificar la reintegraci\u00f3n pol\u00edtica, econ\u00f3mica y social de los guerrilleros de las Fuerzas Armadas Revolucionarias-Ej\u00e9rcito del Pueblo (FARC-EP), as\u00ed como velar porque esa reinserci\u00f3n transcurra en un escenario de seguridad.<\/p>\n<\/p>\n<p>En ese sentido, solicit\u00f3 a Guterres presentar las caracter\u00edsticas de la misi\u00f3n dentro de los 45 d\u00edas siguientes a la adopci\u00f3n de la resoluci\u00f3n 2366.<\/p>\n<\/p>\n<p>La canciller de Colombia, Mar\u00eda \u00c1ngela Holgu\u00edn, manifest\u00f3 sus expectativas de que el grupo de expertos comience su trabajo en septiembre.<\/p>\n<\/p>\n<p>Se trata de la segunda misi\u00f3n para acompa\u00f1ar el cumplimiento del acuerdo firmado en La Habana, Cuba, tras varios a\u00f1os de negociaciones entre las partes.<\/p>\n<\/p>\n<p>El primer equipo de las Naciones Unidas estuvo a cargo del monitoreo de la dejaci\u00f3n de las armas por los guerrilleros.<\/p>\n<\/p>\n<p>jcm\/wmr<\/p>\n<h6> 2017-08-04 15:00:34 <\/h6>\n<p><!--\n<link rel=\"stylesheet\" href=\"css\/bootstrap.min.css\">\n\n\n<ul class=\"pagination\">\n\t    \n\t\n\n<li >\n\t<a href='?page_no=14164'>Previous<\/a>\n\t<\/li>\n\n\n       \n    \n\n<li><a href='?page_no=1'>1<\/a><\/li>\n\n\n\n<li><a href='?page_no=2'>2<\/a><\/li>\n\n\n\n<li><a>...<\/a><\/li>\n\n\n\n<li><a href='?page_no=14163'>14163<\/a><\/li>\n\n\n\n<li><a href='?page_no=14164'>14164<\/a><\/li>\n\n\n\n<li class='active'><a>14165<\/a><\/li>\n\n\n\n<li><a href='?page_no=14166'>14166<\/a><\/li>\n\n\n\n<li><a href='?page_no=14167'>14167<\/a><\/li>\n\n\n\n<li><a>...<\/a><\/li>\n\n\n\n<li><a href='?page_no=51012'>51012<\/a><\/li>\n\n\n\n<li><a href='?page_no=51013'>51013<\/a><\/li>\n\n    \n\t\n\n<li >\n\t<a href='?page_no=14166'>Next<\/a>\n\t<\/li>\n\n\n    \n\n<li><a href='?page_no=51013'>Last &rsaquo;&rsaquo;<\/a><\/li>\n\n<\/ul>\n\n\n--><br \/>\n<\/body><\/p>\n","protected":false},"excerpt":{"rendered":"<p>Naciones Unidas, 4 ago (PL) La Secretar\u00eda de las Naciones Unidas trabaja en los detalles para establecer una segunda misi\u00f3n pol\u00edtica para acompa\u00f1ar el proceso de paz en Colombia, confirm\u00f3 hoy un vocero. St\u00e9phane Dujarric, el portavoz del secretario general Ant\u00f3nio Guterres, dijo a Prensa Latina que la conformaci\u00f3n de la nueva entidad marcha en [&hellip;]<\/p>\n","protected":false},"author":3,"featured_media":0,"comment_status":"open","ping_status":"open","sticky":false,"template":"","format":"standard","meta":{"footnotes":""},"categories":[23],"tags":[],"class_list":["post-234899","post","type-post","status-publish","format-standard","hentry","category-internacional"],"_links":{"self":[{"href":"https:\/\/diariodominicano.com\/index.php?rest_route=\/wp\/v2\/posts\/234899","targetHints":{"allow":["GET"]}}],"collection":[{"href":"https:\/\/diariodominicano.com\/index.php?rest_route=\/wp\/v2\/posts"}],"about":[{"href":"https:\/\/diariodominicano.com\/index.php?rest_route=\/wp\/v2\/types\/post"}],"author":[{"embeddable":true,"href":"https:\/\/diariodominicano.com\/index.php?rest_route=\/wp\/v2\/users\/3"}],"replies":[{"embeddable":true,"href":"https:\/\/diariodominicano.com\/index.php?rest_route=%2Fwp%2Fv2%2Fcomments&post=234899"}],"version-history":[{"count":0,"href":"https:\/\/diariodominicano.com\/index.php?rest_route=\/wp\/v2\/posts\/234899\/revisions"}],"wp:attachment":[{"href":"https:\/\/diariodominicano.com\/index.php?rest_route=%2Fwp%2Fv2%2Fmedia&parent=234899"}],"wp:term":[{"taxonomy":"category","embeddable":true,"href":"https:\/\/diariodominicano.com\/index.php?rest_route=%2Fwp%2Fv2%2Fcategories&post=234899"},{"taxonomy":"post_tag","embeddable":true,"href":"https:\/\/diariodominicano.com\/index.php?rest_route=%2Fwp%2Fv2%2Ftags&post=234899"}],"curies":[{"name":"wp","href":"https:\/\/api.w.org\/{rel}","templated":true}]}}