{"id":234898,"date":"2017-08-04T15:04:49","date_gmt":"2017-08-04T15:04:49","guid":{"rendered":"http:\/\/diariodominicano.ddns.net\/?p=234898"},"modified":"2017-08-04T15:04:49","modified_gmt":"2017-08-04T15:04:49","slug":"avioneta-se-estrella-en-suiza-mueren-3-personas-y-una-resulta-herida","status":"publish","type":"post","link":"https:\/\/diariodominicano.com\/?p=234898","title":{"rendered":"Avioneta se estrella en Suiza, mueren 3 personas y una resulta herida"},"content":{"rendered":"<p><body><\/p>\n<p><img decoding=\"async\" src=\"img3\/zuisa4.jpg\" \/>  <\/p>\n<p><span class=\"text1noticias\">  GINEBRA, 4 ago (Xinhua) &#8212; Una avioneta se estrell\u00f3 hoy cerca de un campamento de verano en el este de Suiza, lo que ocasion\u00f3 la muerte a dos campistas de 14 a\u00f1os de edad y al piloto de la aeronave, inform\u00f3 la polic\u00eda<\/span><\/p>\n<p><span class=\"text1noticias\"> <\/span><\/p>\n<p><span class=\"text1noticias\">     Un tercer adolescente result\u00f3 herido de gravedad durante el percance de la avioneta, la cual fue contratada por el campamento del Club A\u00e9reo de Suiza en el cant\u00f3n oriental de Graubunden, dijo la polic\u00eda.<\/span><\/p>\n<p><span class=\"text1noticias\"> <\/span><\/p>\n<p><span class=\"text1noticias\">     Una campista de 17 a\u00f1os de edad result\u00f3 herida de gravedad en el cant\u00f3n oriental de los Grisones y ya se investiga la causa, inform\u00f3 la Agencia de Noticias Suiza.<\/span><\/p>\n<p><span class=\"text1noticias\"> <\/span><\/p>\n<p><span class=\"text1noticias\">     \u00abCuando me enter\u00e9 del terrible accidente de esta ma\u00f1ana mi mundo se hizo trizas\u00bb, dijo el director del campamento, Yves Burkhardt, citado en la p\u00e1gina web Swissinfo.<\/span><\/p>\n<p><span class=\"text1noticias\"> <\/span><\/p>\n<p><span class=\"text1noticias\">     Las autoridades informaron que la avioneta Piper para cuatro pasajeros realizaba su segundo vuelo del d\u00eda conducida por un piloto experimentado cuando se estrell\u00f3 en la regi\u00f3n de Diavolezza, unos 10 minutos despu\u00e9s del despegue.<\/span><\/p>\n<p><span class=\"text1noticias\"> <\/span><\/p>\n<p><span class=\"text1noticias\">     La avioneta era utilizada en una sesi\u00f3n de aprendizaje de vuelo organizada por el Club Aeron\u00e1utico de Suiza, confirm\u00f3 el vocero.<\/span><\/p>\n<p><span class=\"text1noticias\"> <\/span><\/p>\n<p><span class=\"text1noticias\">     En total, 192 adolescentes de 14 a 16 a\u00f1os de edad asist\u00edan al campamento juvenil que iba a terminar el s\u00e1bado. En los \u00faltimos 35 a\u00f1os, 5.000 j\u00f3venes hab\u00edan asistido al campamento anual sin que ocurrieran incidentes graves, indic\u00f3 Swissinfo.<\/span><\/p>\n<p><span class=\"text1noticias\"> <\/span><\/p>\n<p><span class=\"text1noticias\">     La polic\u00eda inform\u00f3 que un equipo especial de traumatolog\u00eda fue enviado para cuidar a los dem\u00e1s ni\u00f1os del camp<\/span>amento.<\/p>\n<h6> 2017-08-04 15:04:49 <\/h6>\n<p><!--\n<link rel=\"stylesheet\" href=\"css\/bootstrap.min.css\">\n\n\n<ul class=\"pagination\">\n\t    \n\t\n\n<li >\n\t<a href='?page_no=14163'>Previous<\/a>\n\t<\/li>\n\n\n       \n    \n\n<li><a href='?page_no=1'>1<\/a><\/li>\n\n\n\n<li><a href='?page_no=2'>2<\/a><\/li>\n\n\n\n<li><a>...<\/a><\/li>\n\n\n\n<li><a href='?page_no=14162'>14162<\/a><\/li>\n\n\n\n<li><a href='?page_no=14163'>14163<\/a><\/li>\n\n\n\n<li class='active'><a>14164<\/a><\/li>\n\n\n\n<li><a href='?page_no=14165'>14165<\/a><\/li>\n\n\n\n<li><a href='?page_no=14166'>14166<\/a><\/li>\n\n\n\n<li><a>...<\/a><\/li>\n\n\n\n<li><a href='?page_no=51012'>51012<\/a><\/li>\n\n\n\n<li><a href='?page_no=51013'>51013<\/a><\/li>\n\n    \n\t\n\n<li >\n\t<a href='?page_no=14165'>Next<\/a>\n\t<\/li>\n\n\n    \n\n<li><a href='?page_no=51013'>Last &rsaquo;&rsaquo;<\/a><\/li>\n\n<\/ul>\n\n\n--><br \/>\n<\/body><\/p>\n","protected":false},"excerpt":{"rendered":"<p>GINEBRA, 4 ago (Xinhua) &#8212; Una avioneta se estrell\u00f3 hoy cerca de un campamento de verano en el este de Suiza, lo que ocasion\u00f3 la muerte a dos campistas de 14 a\u00f1os de edad y al piloto de la aeronave, inform\u00f3 la polic\u00eda Un tercer adolescente result\u00f3 herido de gravedad durante el percance de la [&hellip;]<\/p>\n","protected":false},"author":3,"featured_media":0,"comment_status":"open","ping_status":"open","sticky":false,"template":"","format":"standard","meta":{"footnotes":""},"categories":[23],"tags":[],"class_list":["post-234898","post","type-post","status-publish","format-standard","hentry","category-internacional"],"_links":{"self":[{"href":"https:\/\/diariodominicano.com\/index.php?rest_route=\/wp\/v2\/posts\/234898","targetHints":{"allow":["GET"]}}],"collection":[{"href":"https:\/\/diariodominicano.com\/index.php?rest_route=\/wp\/v2\/posts"}],"about":[{"href":"https:\/\/diariodominicano.com\/index.php?rest_route=\/wp\/v2\/types\/post"}],"author":[{"embeddable":true,"href":"https:\/\/diariodominicano.com\/index.php?rest_route=\/wp\/v2\/users\/3"}],"replies":[{"embeddable":true,"href":"https:\/\/diariodominicano.com\/index.php?rest_route=%2Fwp%2Fv2%2Fcomments&post=234898"}],"version-history":[{"count":0,"href":"https:\/\/diariodominicano.com\/index.php?rest_route=\/wp\/v2\/posts\/234898\/revisions"}],"wp:attachment":[{"href":"https:\/\/diariodominicano.com\/index.php?rest_route=%2Fwp%2Fv2%2Fmedia&parent=234898"}],"wp:term":[{"taxonomy":"category","embeddable":true,"href":"https:\/\/diariodominicano.com\/index.php?rest_route=%2Fwp%2Fv2%2Fcategories&post=234898"},{"taxonomy":"post_tag","embeddable":true,"href":"https:\/\/diariodominicano.com\/index.php?rest_route=%2Fwp%2Fv2%2Ftags&post=234898"}],"curies":[{"name":"wp","href":"https:\/\/api.w.org\/{rel}","templated":true}]}}