{"id":234894,"date":"2017-08-04T18:29:13","date_gmt":"2017-08-04T18:29:13","guid":{"rendered":"http:\/\/diariodominicano.ddns.net\/?p=234894"},"modified":"2017-08-04T18:29:13","modified_gmt":"2017-08-04T18:29:13","slug":"millones-de-personas-hacia-zona-de-eclipse-total-de-sol-en-ee-uu","status":"publish","type":"post","link":"https:\/\/diariodominicano.com\/?p=234894","title":{"rendered":"Millones de personas hacia zona de eclipse total de sol en EE.UU."},"content":{"rendered":"<p><body><\/p>\n<p><img decoding=\"async\" src=\"img3\/eclipse-sol.jpg\" \/>  <\/p>\n<p><span class=\"text1noticias\">Washington, 4 ago (PL) Millones de personas se desplazar\u00e1n hacia las zonas de Estados Unidos donde ser\u00e1 visible de forma total el eclipse de sol previsto para el pr\u00f3ximo 21 de agosto, un evento que despierta hoy grandes expectativas en el pa\u00eds.<\/span><\/p>\n<p><span class=\"text1noticias\"> <\/span><\/p>\n<p><span class=\"text1noticias\">Medios y especialistas se refieren al hecho como el suceso astron\u00f3mico m\u00e1s importante que vivir\u00e1n los norteamericanos en una generaci\u00f3n, y se estima que ser\u00e1 el fen\u00f3meno m\u00e1s tuiteado, fotografiado y compartido en la historia de la humanidad.<\/span><\/p>\n<p><span class=\"text1noticias\"> <\/span><\/p>\n<p><span class=\"text1noticias\">El llamado &#8216;camino de la totalidad&#8217;, nombre con el que se conoce a la trayectoria en la cual la luna ocultar\u00e1 completamente al sol, tendr\u00e1 un di\u00e1metro aproximado de 112 kil\u00f3metros y se desplazar\u00e1 de la Costa Oeste a la Este por 12 estados, con el punto de entrada en Oreg\u00f3n y el de salida el Carolina del Sur.<\/span><\/p>\n<p><span class=\"text1noticias\"> <\/span><\/p>\n<p><span class=\"text1noticias\">Aproximadamente 12,2 millones de estadounidenses viven en las \u00e1reas donde se ver\u00e1 de forma completa -Oreg\u00f3n, Idaho, Wyoming, Nebraska, Kansas, Misuri, Illinois, Kentucky, Tennessee, Georgia, Carolina del Norte y Carolina del Sur.<\/span><\/p>\n<p><span class=\"text1noticias\"> <\/span><\/p>\n<p><span class=\"text1noticias\">Pero la Administraci\u00f3n Nacional de la Aeron\u00e1utica y del Espacio (NASA) predice que muchos m\u00e1s se mover\u00e1n para verlo ese d\u00eda, porque cerca de 200 millones de personas, un poco menos de dos tercios de la poblaci\u00f3n nacional, viven a un d\u00eda de camino del eclipse total.<\/span><\/p>\n<p><span class=\"text1noticias\"> <\/span><\/p>\n<p><span class=\"text1noticias\">Esto ser\u00e1 como Woodstock multiplicado por 200, pero en todo el pa\u00eds, consider\u00f3 Alex Young, cient\u00edfico solar en el Goddard Space Flight Center de la NASA, en alusi\u00f3n al conocido festival de rock y congregaci\u00f3n hippie que reuni\u00f3 de 400 a 500 mil asistentes en agosto de 1969 en una granja del estado de Nueva York.<\/span><\/p>\n<p><span class=\"text1noticias\"> <\/span><\/p>\n<p><span class=\"text1noticias\">Por eso, la Administraci\u00f3n Federal de Carreteras se refiere al acontecimiento como &#8216;evento especial planeado para el cual no ha habido precedentes recientes en Estados Unidos&#8217;, para el cual se estima el traslado de dos a siete millones de personas seg\u00fan las condiciones del clima.<\/span><\/p>\n<p><span class=\"text1noticias\"> <\/span><\/p>\n<p><span class=\"text1noticias\">La entidad espera un tr\u00e1fico intenso antes y despu\u00e9s del eclipse y sugiere llegar al lugar elegido de observaci\u00f3n horas antes e, incluso, el d\u00eda previo.<\/span><\/p>\n<p><span class=\"text1noticias\"> <\/span><\/p>\n<p><span class=\"text1noticias\">Debido a la alta velocidad a la que ocurrir\u00e1 el fen\u00f3meno, cada sitio incluido en la trayectoria s\u00f3lo podr\u00e1 ser testigo por dos minutos de la m\u00e1xima expresi\u00f3n del evento, que atravesar\u00e1 el pa\u00eds en solo una hora y media.<\/span><\/p>\n<p><span class=\"text1noticias\"> <\/span><\/p>\n<p><span class=\"text1noticias\">Decenas de millones de personas tambi\u00e9n tendr\u00e1n la posibilidad de ver un eclipse parcial, en el cual el sol estar\u00e1 m\u00e1s o menos cubierto por la luna en correspondencia con la distancia a la que se encuentre esa \u00e1rea del camino de la totalidad.<\/span><\/p>\n<p><span class=\"text1noticias\"> <\/span><\/p>\n<p><span class=\"text1noticias\">La \u00faltima vez que Estados Unidos vivi\u00f3 un eclipse solar completo fue el 26 de febrero de 1979, pero el \u00faltimo fen\u00f3meno de ese tipo que cruz\u00f3 el pa\u00eds desde el Pac\u00edfico hasta el Atl\u00e1ntico se registr\u00f3 hace 99 a\u00f1os, el 8 de junio<\/span> de 1918.<\/p>\n<h6> 2017-08-04 18:29:13 <\/h6>\n<p><!--\n<link rel=\"stylesheet\" href=\"css\/bootstrap.min.css\">\n\n\n<ul class=\"pagination\">\n\t    \n\t\n\n<li >\n\t<a href='?page_no=14159'>Previous<\/a>\n\t<\/li>\n\n\n       \n    \n\n<li><a href='?page_no=1'>1<\/a><\/li>\n\n\n\n<li><a href='?page_no=2'>2<\/a><\/li>\n\n\n\n<li><a>...<\/a><\/li>\n\n\n\n<li><a href='?page_no=14158'>14158<\/a><\/li>\n\n\n\n<li><a href='?page_no=14159'>14159<\/a><\/li>\n\n\n\n<li class='active'><a>14160<\/a><\/li>\n\n\n\n<li><a href='?page_no=14161'>14161<\/a><\/li>\n\n\n\n<li><a href='?page_no=14162'>14162<\/a><\/li>\n\n\n\n<li><a>...<\/a><\/li>\n\n\n\n<li><a href='?page_no=51012'>51012<\/a><\/li>\n\n\n\n<li><a href='?page_no=51013'>51013<\/a><\/li>\n\n    \n\t\n\n<li >\n\t<a href='?page_no=14161'>Next<\/a>\n\t<\/li>\n\n\n    \n\n<li><a href='?page_no=51013'>Last &rsaquo;&rsaquo;<\/a><\/li>\n\n<\/ul>\n\n\n--><br \/>\n<\/body><\/p>\n","protected":false},"excerpt":{"rendered":"<p>Washington, 4 ago (PL) Millones de personas se desplazar\u00e1n hacia las zonas de Estados Unidos donde ser\u00e1 visible de forma total el eclipse de sol previsto para el pr\u00f3ximo 21 de agosto, un evento que despierta hoy grandes expectativas en el pa\u00eds. Medios y especialistas se refieren al hecho como el suceso astron\u00f3mico m\u00e1s importante [&hellip;]<\/p>\n","protected":false},"author":3,"featured_media":0,"comment_status":"open","ping_status":"open","sticky":false,"template":"","format":"standard","meta":{"footnotes":""},"categories":[23],"tags":[],"class_list":["post-234894","post","type-post","status-publish","format-standard","hentry","category-internacional"],"_links":{"self":[{"href":"https:\/\/diariodominicano.com\/index.php?rest_route=\/wp\/v2\/posts\/234894","targetHints":{"allow":["GET"]}}],"collection":[{"href":"https:\/\/diariodominicano.com\/index.php?rest_route=\/wp\/v2\/posts"}],"about":[{"href":"https:\/\/diariodominicano.com\/index.php?rest_route=\/wp\/v2\/types\/post"}],"author":[{"embeddable":true,"href":"https:\/\/diariodominicano.com\/index.php?rest_route=\/wp\/v2\/users\/3"}],"replies":[{"embeddable":true,"href":"https:\/\/diariodominicano.com\/index.php?rest_route=%2Fwp%2Fv2%2Fcomments&post=234894"}],"version-history":[{"count":0,"href":"https:\/\/diariodominicano.com\/index.php?rest_route=\/wp\/v2\/posts\/234894\/revisions"}],"wp:attachment":[{"href":"https:\/\/diariodominicano.com\/index.php?rest_route=%2Fwp%2Fv2%2Fmedia&parent=234894"}],"wp:term":[{"taxonomy":"category","embeddable":true,"href":"https:\/\/diariodominicano.com\/index.php?rest_route=%2Fwp%2Fv2%2Fcategories&post=234894"},{"taxonomy":"post_tag","embeddable":true,"href":"https:\/\/diariodominicano.com\/index.php?rest_route=%2Fwp%2Fv2%2Ftags&post=234894"}],"curies":[{"name":"wp","href":"https:\/\/api.w.org\/{rel}","templated":true}]}}