{"id":234891,"date":"2017-08-05T09:16:45","date_gmt":"2017-08-05T09:16:45","guid":{"rendered":"http:\/\/diariodominicano.ddns.net\/?p=234891"},"modified":"2017-08-05T09:16:45","modified_gmt":"2017-08-05T09:16:45","slug":"sistema-judicial-venezolano-restablece-arresto-domiciliario-contra-dirigente-opositor","status":"publish","type":"post","link":"https:\/\/diariodominicano.com\/?p=234891","title":{"rendered":"Sistema judicial venezolano restablece \u00abarresto domiciliario\u00bb contra dirigente opositor"},"content":{"rendered":"<p><body><\/p>\n<p><strong>   CARACAS, 4 ago (Xinhua) &#8211;<\/strong>&#8211; El sistema judicial venezolano decidi\u00f3 hoy el retorno del dirigente opositor Antonio Ledezma al \u00abarresto domiciliario\u00bb, condici\u00f3n que perdi\u00f3 el pasado lunes 31 de julio y que ahora recupera por razones de salud.<\/p>\n<\/p>\n<p>   El Tribunal Sexto del Area Metropolitana de Caracas acord\u00f3 mantener la reclusi\u00f3n del ex alcalde caraque\u00f1o en su propia residencia, de donde fue conducido el pasado lunes al centro militar \u00abRamo Verde\u00bb en el estado Miranda (norte), por \u00abincumplimiento de condiciones\u00bb.<\/p>\n<\/p>\n<p>   Seg\u00fan el tribunal, \u00abtras recibir la evaluaci\u00f3n m\u00e9dica de conformidad a lo establecido en los art\u00edculos 236 y otros del C\u00f3digo Org\u00e1nico Procesal Penal\u00bb, Ledezma, de 62 a\u00f1os, es beneficiado con la medida judicial de \u00abreclusi\u00f3n en el lugar de residencia\u00bb.<\/p>\n<\/p>\n<p>   El sexagenario dirigente y el tambi\u00e9n opositor Leopoldo L\u00f3pez, de 48 a\u00f1os, solicitaron ese beneficio, luego de que el Poder Judicial les revoc\u00f3 el arresto domiciliario, al acusarlos de planear fugarse y hacer llamados contra la Asamblea Nacional Constituyente.<\/p>\n<\/p>\n<p>   La decisi\u00f3n judicial establece que el detenido estar\u00e1 bajo custodia del Servicio Bolivariano de Inteligencia Nacional.<\/p>\n<\/p>\n<p>   Ledezma cumple condena desde 2015, luego de ser arrestado en febrero de ese a\u00f1o, acusado de conspirar contra el gobierno del presidente venezolano, Nicol\u00e1s Maduro. Fin<\/p>\n<h6> 2017-08-05 09:16:45 <\/h6>\n<p><!--\n<link rel=\"stylesheet\" href=\"css\/bootstrap.min.css\">\n\n\n<ul class=\"pagination\">\n\t    \n\t\n\n<li >\n\t<a href='?page_no=14157'>Previous<\/a>\n\t<\/li>\n\n\n       \n    \n\n<li><a href='?page_no=1'>1<\/a><\/li>\n\n\n\n<li><a href='?page_no=2'>2<\/a><\/li>\n\n\n\n<li><a>...<\/a><\/li>\n\n\n\n<li><a href='?page_no=14156'>14156<\/a><\/li>\n\n\n\n<li><a href='?page_no=14157'>14157<\/a><\/li>\n\n\n\n<li class='active'><a>14158<\/a><\/li>\n\n\n\n<li><a href='?page_no=14159'>14159<\/a><\/li>\n\n\n\n<li><a href='?page_no=14160'>14160<\/a><\/li>\n\n\n\n<li><a>...<\/a><\/li>\n\n\n\n<li><a href='?page_no=51012'>51012<\/a><\/li>\n\n\n\n<li><a href='?page_no=51013'>51013<\/a><\/li>\n\n    \n\t\n\n<li >\n\t<a href='?page_no=14159'>Next<\/a>\n\t<\/li>\n\n\n    \n\n<li><a href='?page_no=51013'>Last &rsaquo;&rsaquo;<\/a><\/li>\n\n<\/ul>\n\n\n--><br \/>\n<\/body><\/p>\n","protected":false},"excerpt":{"rendered":"<p>CARACAS, 4 ago (Xinhua) &#8211;&#8211; El sistema judicial venezolano decidi\u00f3 hoy el retorno del dirigente opositor Antonio Ledezma al \u00abarresto domiciliario\u00bb, condici\u00f3n que perdi\u00f3 el pasado lunes 31 de julio y que ahora recupera por razones de salud. El Tribunal Sexto del Area Metropolitana de Caracas acord\u00f3 mantener la reclusi\u00f3n del ex alcalde caraque\u00f1o en [&hellip;]<\/p>\n","protected":false},"author":3,"featured_media":0,"comment_status":"open","ping_status":"open","sticky":false,"template":"","format":"standard","meta":{"footnotes":""},"categories":[23],"tags":[],"class_list":["post-234891","post","type-post","status-publish","format-standard","hentry","category-internacional"],"_links":{"self":[{"href":"https:\/\/diariodominicano.com\/index.php?rest_route=\/wp\/v2\/posts\/234891","targetHints":{"allow":["GET"]}}],"collection":[{"href":"https:\/\/diariodominicano.com\/index.php?rest_route=\/wp\/v2\/posts"}],"about":[{"href":"https:\/\/diariodominicano.com\/index.php?rest_route=\/wp\/v2\/types\/post"}],"author":[{"embeddable":true,"href":"https:\/\/diariodominicano.com\/index.php?rest_route=\/wp\/v2\/users\/3"}],"replies":[{"embeddable":true,"href":"https:\/\/diariodominicano.com\/index.php?rest_route=%2Fwp%2Fv2%2Fcomments&post=234891"}],"version-history":[{"count":0,"href":"https:\/\/diariodominicano.com\/index.php?rest_route=\/wp\/v2\/posts\/234891\/revisions"}],"wp:attachment":[{"href":"https:\/\/diariodominicano.com\/index.php?rest_route=%2Fwp%2Fv2%2Fmedia&parent=234891"}],"wp:term":[{"taxonomy":"category","embeddable":true,"href":"https:\/\/diariodominicano.com\/index.php?rest_route=%2Fwp%2Fv2%2Fcategories&post=234891"},{"taxonomy":"post_tag","embeddable":true,"href":"https:\/\/diariodominicano.com\/index.php?rest_route=%2Fwp%2Fv2%2Ftags&post=234891"}],"curies":[{"name":"wp","href":"https:\/\/api.w.org\/{rel}","templated":true}]}}