{"id":234889,"date":"2017-08-05T09:23:53","date_gmt":"2017-08-05T09:23:53","guid":{"rendered":"http:\/\/diariodominicano.ddns.net\/?p=234889"},"modified":"2017-08-05T09:23:53","modified_gmt":"2017-08-05T09:23:53","slug":"vicepresidente-de-ecuador-asegura-que-no-podran-quitarle-la-investidura-del-cargo","status":"publish","type":"post","link":"https:\/\/diariodominicano.com\/?p=234889","title":{"rendered":"Vicepresidente de Ecuador asegura que no podr\u00e1n quitarle la investidura del cargo"},"content":{"rendered":"<p><body><\/p>\n<p><img decoding=\"async\" src=\"img3\/136497837_1501816882047_title0h.jpg\" \/>  <\/p>\n<p><strong> <\/strong><\/p>\n<p><strong>   QUITO, 4 ago (Xinhua) &#8212;<\/strong> Un d\u00eda despu\u00e9s de que el presidente de Ecuador, Len\u00edn Moreno, le retirara todas las funciones, el vicepresidente ecuatoriano, Jorge Glas, afirm\u00f3 hoy que no podr\u00e1n quitarle la investidura del cargo, y anunci\u00f3 que desde ma\u00f1ana s\u00e1bado saldr\u00e1 a recorrer el pa\u00eds.<\/p>\n<\/p>\n<p>   \u00abPodr\u00e1n quitarme todo, menos la dignidad y la investidura de vicepresidente constitucional de la Rep\u00fablica\u00bb, expres\u00f3 Glas en un videomensaje al pa\u00eds difundido en su cuenta de la red social Twitter.<\/p>\n<\/p>\n<p>   \u00abHe decidido devolver los carros que se han asignado por el servicio de protecci\u00f3n presidencial y movilizarme en mi camioneta, antes de que me la quiten\u00bb, agreg\u00f3.<\/p>\n<\/p>\n<p>   El jueves, el vicepresidente inform\u00f3 que se le neg\u00f3 el uso del avi\u00f3n presidencial en el marco del retiro de sus funciones, que consider\u00f3 una \u00abretaliaci\u00f3n pol\u00edtica\u00bb, por sus cr\u00edticas a la gesti\u00f3n de Moreno.<\/p>\n<\/p>\n<p>   Glas qued\u00f3 desde ayer sin funciones dentro del gobierno por decisi\u00f3n del mandatario.<\/p>\n<\/p>\n<p>   La medida, adoptada mediante decreto ejecutivo, acrecent\u00f3 la tensi\u00f3n pol\u00edtica al interior del gobierno, por diferencias p\u00fablicas surgidas entre ambos l\u00edderes del movimiento oficialista Alianza PAIS (AP).<\/p>\n<\/p>\n<p>   Glas dijo que luego de que fue impedido de usar los aviones oficiales, la madrugada de este viernes se moviliz\u00f3 por tierra en un viaje de siete horas a la su ciudad natal, Guayaquil (suroeste).<\/p>\n<\/p>\n<p>   \u00abYo vivo ahora en Guayaquil (antes lo hac\u00eda en Quito, la capital), vengo a darle un abrazo a mi madre, a mi esposa y a mis hijos; y ma\u00f1ana (s\u00e1bado) saldr\u00e9 a recorrer el pa\u00eds\u00bb, indic\u00f3.<\/p>\n<\/p>\n<p>   El vicepresidente inform\u00f3 que a pesar de \u00f3rdenes ejecutivas, el servicio de protecci\u00f3n presidencial \u00abme ha tra\u00eddo con seguridad hasta la ciudad de Guayaquil\u00bb.<\/p>\n<\/p>\n<p>   Glas denunci\u00f3 adem\u00e1s que a muchos de sus funcionarios en la vicepresidencia \u00abse les cancel\u00f3 las tarjetas magn\u00e9ticas de acceso a la Vicepresidencia de la Rep\u00fablica\u00bb.<\/p>\n<\/p>\n<p>   El funcionario indic\u00f3 que el esposo de una colaboradora suya fue despedido de la Contralor\u00eda General del Estado, por ejemplo.<\/p>\n<\/p>\n<p>   Lo mismo sucedi\u00f3 con un funcionario del sector hidrocarbur\u00edfero \u00abque llevaba informaci\u00f3n a la Vicepresidencia para preparar mi defensa en contra de las infamias que me est\u00e1n preparando por la asignaci\u00f3n de un campo petrolero\u00bb, subray\u00f3 el vicepresidente.<\/p>\n<\/p>\n<p>   En el mensaje, Glas envi\u00f3 un abrazo a los militantes del movimiento oficialista AP, que el jueves se congregaron en la Plaza Grande, situada frente a la Presidencia, en Quito, para expresarle su respaldo.<\/p>\n<\/p>\n<p>   \u00abUn abrazo a todos esos hermanos que estuvieron en la Plaza Grande, esos militantes de Alianza PAIS, esos ciudadanos que salen a defender valores, principios, su revoluci\u00f3n en contra del tongo (del arreglo), en contra del reparto, en contra de la componenda\u00bb, apunt\u00f3.<\/p>\n<\/p>\n<p>   Glas, quien se ha declarado leal a los principios de la \u00abRevoluci\u00f3n Ciudadana\u00bb, el proyecto pol\u00edtico de corte socialista impulsado por el ex presidente Rafael Correa (2007-2017), hizo p\u00fablicas sus cr\u00edticas a Moreno en una carta p\u00fablica difundida el pasado mi\u00e9rcoles.<\/p>\n<\/p>\n<p>   En la misiva, el vicepresidente cuestion\u00f3 algunas decisiones y medidas y denunci\u00f3 supuestos pactos con la oposici\u00f3n.<\/p>\n<\/p>\n<p>   A las cr\u00edticas se sum\u00f3 previamente Correa, ahora radicado en B\u00e9lgica, quien ha tildado de \u00abdesleal\u00bb y \u00abmediocre\u00bb la estrategia de Moreno, para diferenciarse de su gobierno.<\/p>\n<\/p>\n<p>   La tensi\u00f3n en el Poder Ejecutivo ha generado preocupaci\u00f3n en Alianza PAIS, que busca mediar en la pugna entre ambos l\u00edderes. Fin<\/p>\n<\/p>\n<h6> 2017-08-05 09:23:53 <\/h6>\n<p><!--\n<link rel=\"stylesheet\" href=\"css\/bootstrap.min.css\">\n\n\n<ul class=\"pagination\">\n\t    \n\t\n\n<li >\n\t<a href='?page_no=14155'>Previous<\/a>\n\t<\/li>\n\n\n       \n    \n\n<li><a href='?page_no=1'>1<\/a><\/li>\n\n\n\n<li><a href='?page_no=2'>2<\/a><\/li>\n\n\n\n<li><a>...<\/a><\/li>\n\n\n\n<li><a href='?page_no=14154'>14154<\/a><\/li>\n\n\n\n<li><a href='?page_no=14155'>14155<\/a><\/li>\n\n\n\n<li class='active'><a>14156<\/a><\/li>\n\n\n\n<li><a href='?page_no=14157'>14157<\/a><\/li>\n\n\n\n<li><a href='?page_no=14158'>14158<\/a><\/li>\n\n\n\n<li><a>...<\/a><\/li>\n\n\n\n<li><a href='?page_no=51012'>51012<\/a><\/li>\n\n\n\n<li><a href='?page_no=51013'>51013<\/a><\/li>\n\n    \n\t\n\n<li >\n\t<a href='?page_no=14157'>Next<\/a>\n\t<\/li>\n\n\n    \n\n<li><a href='?page_no=51013'>Last &rsaquo;&rsaquo;<\/a><\/li>\n\n<\/ul>\n\n\n--><br \/>\n<\/body><\/p>\n","protected":false},"excerpt":{"rendered":"<p>QUITO, 4 ago (Xinhua) &#8212; Un d\u00eda despu\u00e9s de que el presidente de Ecuador, Len\u00edn Moreno, le retirara todas las funciones, el vicepresidente ecuatoriano, Jorge Glas, afirm\u00f3 hoy que no podr\u00e1n quitarle la investidura del cargo, y anunci\u00f3 que desde ma\u00f1ana s\u00e1bado saldr\u00e1 a recorrer el pa\u00eds. \u00abPodr\u00e1n quitarme todo, menos la dignidad y la [&hellip;]<\/p>\n","protected":false},"author":3,"featured_media":0,"comment_status":"open","ping_status":"open","sticky":false,"template":"","format":"standard","meta":{"footnotes":""},"categories":[23],"tags":[],"class_list":["post-234889","post","type-post","status-publish","format-standard","hentry","category-internacional"],"_links":{"self":[{"href":"https:\/\/diariodominicano.com\/index.php?rest_route=\/wp\/v2\/posts\/234889","targetHints":{"allow":["GET"]}}],"collection":[{"href":"https:\/\/diariodominicano.com\/index.php?rest_route=\/wp\/v2\/posts"}],"about":[{"href":"https:\/\/diariodominicano.com\/index.php?rest_route=\/wp\/v2\/types\/post"}],"author":[{"embeddable":true,"href":"https:\/\/diariodominicano.com\/index.php?rest_route=\/wp\/v2\/users\/3"}],"replies":[{"embeddable":true,"href":"https:\/\/diariodominicano.com\/index.php?rest_route=%2Fwp%2Fv2%2Fcomments&post=234889"}],"version-history":[{"count":0,"href":"https:\/\/diariodominicano.com\/index.php?rest_route=\/wp\/v2\/posts\/234889\/revisions"}],"wp:attachment":[{"href":"https:\/\/diariodominicano.com\/index.php?rest_route=%2Fwp%2Fv2%2Fmedia&parent=234889"}],"wp:term":[{"taxonomy":"category","embeddable":true,"href":"https:\/\/diariodominicano.com\/index.php?rest_route=%2Fwp%2Fv2%2Fcategories&post=234889"},{"taxonomy":"post_tag","embeddable":true,"href":"https:\/\/diariodominicano.com\/index.php?rest_route=%2Fwp%2Fv2%2Ftags&post=234889"}],"curies":[{"name":"wp","href":"https:\/\/api.w.org\/{rel}","templated":true}]}}