{"id":234885,"date":"2017-08-05T10:09:31","date_gmt":"2017-08-05T10:09:31","guid":{"rendered":"http:\/\/diariodominicano.ddns.net\/?p=234885"},"modified":"2017-08-05T10:09:31","modified_gmt":"2017-08-05T10:09:31","slug":"miles-de-militares-irrumpen-en-varias-favelas-de-rio-de-janeiro","status":"publish","type":"post","link":"https:\/\/diariodominicano.com\/?p=234885","title":{"rendered":"Miles de militares irrumpen en varias favelas de Rio de Janeiro"},"content":{"rendered":"<p><body><\/p>\n<p><img decoding=\"async\" src=\"img3\/d30ca68e9e7fc1d53d2a39bab8400936500194eb.jpg\" \/><br \/><img decoding=\"async\" src=\"img3\/901a5bfe5b2b4d871d24c4ea2adffccdd3b57c6d.jpg\" \/>  <\/p>\n<\/p>\n<p>AFP\/Archivos \/ Christophe Simon<\/p>\n<p>Soldados brasile\u00f1os patrullan en Rio de Janeiro en 2014<\/p>\n<p>Miles de militares y polic\u00edas irrumpieron este s\u00e1bado en varias favelas de Rio de Janeiro en busca de 40 responsables de robos de cargas, en el marco de la operaci\u00f3n lanzada hace ocho d\u00edas para contener la galopante inseguridad en este estado brasile\u00f1o.<\/p>\n<p>Apoyados por helic\u00f3pteros, 3.600 militares y centenares de efectivos de diversos cuerpos policiales participan en el impresionante despliegue en cuatro barrios pobres de la zona norte y en otro de la zona oeste de la ciudad, indic\u00f3 a la AFP una portavoz de la Secretar\u00eda de Seguridad del Estado de Rio (Seseg).<\/p>\n<p>La televisi\u00f3n Globo mostr\u00f3 im\u00e1genes de soldados con ropa de camuflaje en las favelas o controlando veh\u00edculos en avenidas aleda\u00f1as.<\/p>\n<p>Seg\u00fan la radio CBN, en el complejo de Lins se registraron tiroteos, en tanto que un individuo muri\u00f3 en un enfrentamiento en el de Sao Joao, ambas en la zona norte.<\/p>\n<p>Las autoridades publicaron en internet las fotos de 15 de las personas buscadas en la favela de Lins, ofreciendo 1.000 reales (unos 320 d\u00f3lares) de recompensa por su captura.<\/p>\n<p>El anuncio solicita \u00abinformaciones sobre escondites de armas, localizaci\u00f3n de bandidos, cargas robadas, puntos de venta de droga y veh\u00edculos robados\u00bb y promete el anonimato para los denunciantes.<\/p>\n<p>&#8211; Segunda fase de &#8216;Seguridad y Paz&#8217; &#8211;<\/p>\n<\/p>\n<p>AFP\/Archivos \/ Sergio Lima<\/p>\n<p>Polic\u00edas brasile\u00f1os<\/p>\n<p>El presidente brasile\u00f1o, Michel Temer, orden\u00f3 el 26 de julio el env\u00edo de 8.500 militares a Rio de Janeiro, para integrar una fuerza de 10.000 hombres, con la misi\u00f3n de contener la ola de inseguridad.<\/p>\n<p>La Seseg precis\u00f3 que el operativo de este s\u00e1bado marca la \u00absegunda fase\u00bb de esa operaci\u00f3n, bautizada &#8216;Seguridad y Paz&#8217;, que debe prolongarse hasta fines de 2018 y basarse en acciones de inteligencia y acciones sorpresa.<\/p>\n<p>Esa estrategia contrasta con la utilizada hasta ahora, de ocupaci\u00f3n temporaria del territorio, que vuelve a ser controlado por las facciones criminales apenas se retiran las tropas.<\/p>\n<p>El operativo del s\u00e1bado, apodado \u00abOnerat\u00bb (&#8216;carga&#8217;, en lat\u00edn) se produce exactamente un a\u00f1o despu\u00e9s de la inauguraci\u00f3n de los Juegos Ol\u00edmpicos, durante los cuales decenas de miles de militares garantizaron la seguridad de la ciudad.<\/p>\n<p>El primer semestre de este a\u00f1o fue el m\u00e1s violento en Rio desde 2009, con 3.457 muertes violentas, un 15% m\u00e1s que en el mismo periodo de 2016, seg\u00fan datos del Instituto de Seguridad P\u00fablica (ISP), un organismo oficial. La zona con m\u00e1s casos (23%) es la Baixada Fluminense, en la zona metropolitana de Rio.<\/p>\n<p>En lo que va del a\u00f1o, 93 polic\u00edas fueron abatidos, en enfrentamientos o fuera de servicio. El \u00faltimo caso se produjo la madrugada del s\u00e1bado, cuando un sargento de la Polic\u00eda Militar (PM, un cuerpo bajo la autoridad de cada estado) fue baleado en su veh\u00edculo, de acuerdo con un informe policial citado por la prensa.<\/p>\n<p>Los robos de camiones de carga son otro de los flagelos que azotan a la regi\u00f3n.<\/p>\n<p>Seg\u00fan la Federaci\u00f3n de Industrias del Estado de Rio de Janeiro, el a\u00f1o pasado hubo 10.000 casos denunciados, principalmente en las carreteras de acceso a la ciudad, con p\u00e9rdidas multimillonarias.<\/p>\n<h6> 2017-08-05 10:09:31 <\/h6>\n<p><!--\n<link rel=\"stylesheet\" href=\"css\/bootstrap.min.css\">\n\n\n<ul class=\"pagination\">\n\t    \n\t\n\n<li >\n\t<a href='?page_no=14151'>Previous<\/a>\n\t<\/li>\n\n\n       \n    \n\n<li><a href='?page_no=1'>1<\/a><\/li>\n\n\n\n<li><a href='?page_no=2'>2<\/a><\/li>\n\n\n\n<li><a>...<\/a><\/li>\n\n\n\n<li><a href='?page_no=14150'>14150<\/a><\/li>\n\n\n\n<li><a href='?page_no=14151'>14151<\/a><\/li>\n\n\n\n<li class='active'><a>14152<\/a><\/li>\n\n\n\n<li><a href='?page_no=14153'>14153<\/a><\/li>\n\n\n\n<li><a href='?page_no=14154'>14154<\/a><\/li>\n\n\n\n<li><a>...<\/a><\/li>\n\n\n\n<li><a href='?page_no=51012'>51012<\/a><\/li>\n\n\n\n<li><a href='?page_no=51013'>51013<\/a><\/li>\n\n    \n\t\n\n<li >\n\t<a href='?page_no=14153'>Next<\/a>\n\t<\/li>\n\n\n    \n\n<li><a href='?page_no=51013'>Last &rsaquo;&rsaquo;<\/a><\/li>\n\n<\/ul>\n\n\n--><br \/>\n<\/body><\/p>\n","protected":false},"excerpt":{"rendered":"<p>AFP\/Archivos \/ Christophe Simon Soldados brasile\u00f1os patrullan en Rio de Janeiro en 2014 Miles de militares y polic\u00edas irrumpieron este s\u00e1bado en varias favelas de Rio de Janeiro en busca de 40 responsables de robos de cargas, en el marco de la operaci\u00f3n lanzada hace ocho d\u00edas para contener la galopante inseguridad en este estado [&hellip;]<\/p>\n","protected":false},"author":3,"featured_media":0,"comment_status":"open","ping_status":"open","sticky":false,"template":"","format":"standard","meta":{"footnotes":""},"categories":[23],"tags":[],"class_list":["post-234885","post","type-post","status-publish","format-standard","hentry","category-internacional"],"_links":{"self":[{"href":"https:\/\/diariodominicano.com\/index.php?rest_route=\/wp\/v2\/posts\/234885","targetHints":{"allow":["GET"]}}],"collection":[{"href":"https:\/\/diariodominicano.com\/index.php?rest_route=\/wp\/v2\/posts"}],"about":[{"href":"https:\/\/diariodominicano.com\/index.php?rest_route=\/wp\/v2\/types\/post"}],"author":[{"embeddable":true,"href":"https:\/\/diariodominicano.com\/index.php?rest_route=\/wp\/v2\/users\/3"}],"replies":[{"embeddable":true,"href":"https:\/\/diariodominicano.com\/index.php?rest_route=%2Fwp%2Fv2%2Fcomments&post=234885"}],"version-history":[{"count":0,"href":"https:\/\/diariodominicano.com\/index.php?rest_route=\/wp\/v2\/posts\/234885\/revisions"}],"wp:attachment":[{"href":"https:\/\/diariodominicano.com\/index.php?rest_route=%2Fwp%2Fv2%2Fmedia&parent=234885"}],"wp:term":[{"taxonomy":"category","embeddable":true,"href":"https:\/\/diariodominicano.com\/index.php?rest_route=%2Fwp%2Fv2%2Fcategories&post=234885"},{"taxonomy":"post_tag","embeddable":true,"href":"https:\/\/diariodominicano.com\/index.php?rest_route=%2Fwp%2Fv2%2Ftags&post=234885"}],"curies":[{"name":"wp","href":"https:\/\/api.w.org\/{rel}","templated":true}]}}