{"id":234883,"date":"2017-08-05T14:22:43","date_gmt":"2017-08-05T14:22:43","guid":{"rendered":"http:\/\/diariodominicano.ddns.net\/?p=234883"},"modified":"2017-08-05T14:22:43","modified_gmt":"2017-08-05T14:22:43","slug":"reclaman-activistas-compromiso-con-prohibicion-de-armas-nucleares","status":"publish","type":"post","link":"https:\/\/diariodominicano.com\/?p=234883","title":{"rendered":"Reclaman activistas compromiso con prohibici\u00f3n de armas nucleares"},"content":{"rendered":"<p><body><\/p>\n<p><img decoding=\"async\" src=\"img3\/bomba-atomica.jpg\" \/>  <\/p>\n<p><span class=\"text1noticias\">Naciones Unidas, 5 ago (PL) A pocas horas del 72 aniversario del lanzamiento por Estados Unidos de una bomba at\u00f3mica contra la ciudad japonesa de Hiroshima, activistas reclamaron hoy compromiso con el Tratado para la Prohibici\u00f3n de las Armas Nucleares.<\/span><\/p>\n<\/p>\n<p><span class=\"text1noticias\">En una declaraci\u00f3n a la que tuvo acceso Prensa Latina, la directora ejecutiva de la Campa\u00f1a Internacional para Abolir las Armas Nucleares (ICAN), Beatrice Fihn, llam\u00f3 a la comunidad internacional a no desaprovechar la oportunidad de desterrar para siempre del planeta los letales artefactos de exterminio humano.<\/span><\/p>\n<\/p>\n<p><span class=\"text1noticias\">Recordaremos el 6 y el 9 de agosto las bombas lanzadas en Hiroshima y Nagasaki, respectivamente, cuando la mayor\u00eda de los pa\u00edses se prepara para firmar el reci\u00e9n adoptado en la ONU instrumento multilateral, precis\u00f3.<\/span><\/p>\n<\/p>\n<p><span class=\"text1noticias\">El 7 de julio, 122 naciones adoptaron aqu\u00ed el Tratado para la Prohibici\u00f3n de las Armas Nucleares, el cual se abrir\u00e1 a la firma el 20 de septiembre, y entrar\u00e1 en vigor cuando lo ratifiquen 50 gobiernos.<\/span><\/p>\n<\/p>\n<p><span class=\"text1noticias\">Fihn inst\u00f3 a los seres humanos a no olvidar el devastador impacto de esas armas, sobre todo teniendo en cuenta que las actuales son mucho m\u00e1s poderosas y destructivas que las lanzadas contra las dos ciudades japonesas, donde entre 120 mil y 226 mil personas perdieron la vida.<\/span><\/p>\n<\/p>\n<p><span class=\"text1noticias\">Las bombas at\u00f3micas asesinaron de manera indiscriminada a civiles y militares en Hiroshima y Nagasaki, poniendo en evidencia las terribles consecuencias inhumanas para los sobrevivientes, subray\u00f3 la directora ejecutiva de la ICAN, una organizaci\u00f3n que trabaja en un centenar de pa\u00edses.<\/span><\/p>\n<\/p>\n<p><span class=\"text1noticias\">La activista se hizo eco en su declaraci\u00f3n de la postura fijada por una sobreviviente del ataque del 6 de agosto de 1945 en Hiroshima.<\/span><\/p>\n<\/p>\n<p><span class=\"text1noticias\">&#8216;Yo era una estudiante entonces, y fui testigo en mi ciudad del resplandor, de los vientos huracanados resultantes de la explosi\u00f3n, de temperaturas de cuatro mil grados Celsius y de la contaminaci\u00f3n radioactiva&#8217;, dijo Setsuko Thurlow, quien calific\u00f3 de inmorales a las armas nucleares.<\/span><\/p>\n<\/p>\n<p><span class=\"text1noticias\">Thurlow celebr\u00f3 que la mayor\u00eda de los Estados dieran un paso clave para considerar ilegales los \u00fanicos medios de exterminio en masa que faltan por prohibir.<\/span><\/p>\n<\/p>\n<p><span class=\"text1noticias\">Los pa\u00edses poseedores de armas nucleares decidieron no ser parte del proceso, encabezados por Estados Unidos, cuyo gobierno inst\u00f3 a los miembros de la OTAN a no apoyar el tratado.<\/span><\/p>\n<h6> 2017-08-05 14:22:43 <\/h6>\n<p><!--\n<link rel=\"stylesheet\" href=\"css\/bootstrap.min.css\">\n\n\n<ul class=\"pagination\">\n\t    \n\t\n\n<li >\n\t<a href='?page_no=14149'>Previous<\/a>\n\t<\/li>\n\n\n       \n    \n\n<li><a href='?page_no=1'>1<\/a><\/li>\n\n\n\n<li><a href='?page_no=2'>2<\/a><\/li>\n\n\n\n<li><a>...<\/a><\/li>\n\n\n\n<li><a href='?page_no=14148'>14148<\/a><\/li>\n\n\n\n<li><a href='?page_no=14149'>14149<\/a><\/li>\n\n\n\n<li class='active'><a>14150<\/a><\/li>\n\n\n\n<li><a href='?page_no=14151'>14151<\/a><\/li>\n\n\n\n<li><a href='?page_no=14152'>14152<\/a><\/li>\n\n\n\n<li><a>...<\/a><\/li>\n\n\n\n<li><a href='?page_no=51012'>51012<\/a><\/li>\n\n\n\n<li><a href='?page_no=51013'>51013<\/a><\/li>\n\n    \n\t\n\n<li >\n\t<a href='?page_no=14151'>Next<\/a>\n\t<\/li>\n\n\n    \n\n<li><a href='?page_no=51013'>Last &rsaquo;&rsaquo;<\/a><\/li>\n\n<\/ul>\n\n\n--><br \/>\n<\/body><\/p>\n","protected":false},"excerpt":{"rendered":"<p>Naciones Unidas, 5 ago (PL) A pocas horas del 72 aniversario del lanzamiento por Estados Unidos de una bomba at\u00f3mica contra la ciudad japonesa de Hiroshima, activistas reclamaron hoy compromiso con el Tratado para la Prohibici\u00f3n de las Armas Nucleares. En una declaraci\u00f3n a la que tuvo acceso Prensa Latina, la directora ejecutiva de la [&hellip;]<\/p>\n","protected":false},"author":3,"featured_media":0,"comment_status":"open","ping_status":"open","sticky":false,"template":"","format":"standard","meta":{"footnotes":""},"categories":[23],"tags":[],"class_list":["post-234883","post","type-post","status-publish","format-standard","hentry","category-internacional"],"_links":{"self":[{"href":"https:\/\/diariodominicano.com\/index.php?rest_route=\/wp\/v2\/posts\/234883","targetHints":{"allow":["GET"]}}],"collection":[{"href":"https:\/\/diariodominicano.com\/index.php?rest_route=\/wp\/v2\/posts"}],"about":[{"href":"https:\/\/diariodominicano.com\/index.php?rest_route=\/wp\/v2\/types\/post"}],"author":[{"embeddable":true,"href":"https:\/\/diariodominicano.com\/index.php?rest_route=\/wp\/v2\/users\/3"}],"replies":[{"embeddable":true,"href":"https:\/\/diariodominicano.com\/index.php?rest_route=%2Fwp%2Fv2%2Fcomments&post=234883"}],"version-history":[{"count":0,"href":"https:\/\/diariodominicano.com\/index.php?rest_route=\/wp\/v2\/posts\/234883\/revisions"}],"wp:attachment":[{"href":"https:\/\/diariodominicano.com\/index.php?rest_route=%2Fwp%2Fv2%2Fmedia&parent=234883"}],"wp:term":[{"taxonomy":"category","embeddable":true,"href":"https:\/\/diariodominicano.com\/index.php?rest_route=%2Fwp%2Fv2%2Fcategories&post=234883"},{"taxonomy":"post_tag","embeddable":true,"href":"https:\/\/diariodominicano.com\/index.php?rest_route=%2Fwp%2Fv2%2Ftags&post=234883"}],"curies":[{"name":"wp","href":"https:\/\/api.w.org\/{rel}","templated":true}]}}