{"id":234881,"date":"2017-08-05T15:03:50","date_gmt":"2017-08-05T15:03:50","guid":{"rendered":"http:\/\/diariodominicano.ddns.net\/?p=234881"},"modified":"2017-08-05T15:03:50","modified_gmt":"2017-08-05T15:03:50","slug":"ejercito-sirio-rechaza-ataques-terroristas-al-norte-de-hama","status":"publish","type":"post","link":"https:\/\/diariodominicano.com\/?p=234881","title":{"rendered":"Ej\u00e9rcito sirio rechaza ataques terroristas al norte de Hama"},"content":{"rendered":"<p><body><\/p>\n<p><img decoding=\"async\" src=\"img3\/Siria-tanque.jpg\" \/>  <\/p>\n<p>Damasco, 5 ago (PL) El Ej\u00e9rcito sirio rechaz\u00f3 ataques de grupos terroristas del Estado Isl\u00e1mico, Da\u00e9sh, en el norte de la central provincia de Hama, reportaron hoy fuentes militares. <\/p>\n<\/p>\n<p>Los intensos combates se produjeron en el oriente de Salamiyah, cerca de la ciudad de Al- Mafkar y en los que en los primeros instantes los extremistas armados lograron algunos avances, se\u00f1alaron los partes.<\/p>\n<\/p>\n<p>Encabezados por la Oncena Divisi\u00f3n de Tanques y Fuerzas de Defensa Nacional (FND), los ataques fueron rechazados y los terroristas se vieron obligados a retirarse tras perder un tanque, un veh\u00edculo blindado y tuvieron al menos 10 bajas.<\/p>\n<\/p>\n<p>Las fuentes indicaron que en las acciones las fuerzas gubernamentales sufrieron tres bajas mortales y media docena de heridos frente a integrantes de una grupo de origen checheno vinculado al Da\u00e9sh.<\/p>\n<\/p>\n<p>Por otra parte, datos divulgados en las redes sociales y otros medios, se\u00f1alaron que al este de Idleb, provincia fronteriza con Hama en el norte y asiento de la Junta para la Liberaci\u00f3n del Levante, liderada por el otrora Frente al Nusra, est\u00e1n produci\u00e9ndose fuertes enfrentamientos.<\/p>\n<\/p>\n<p>En ese sentido, se\u00f1alaron que efectivos de la mencionada Junta atacaron una base de Ahrar al Sham, otro grupo armado oposicionista, en la periferia de la localidad de Tahtaya, donde prosiguen los combates.<\/p>\n<\/p>\n<p>Ambas organizaciones terroristas est\u00e1n enfrentadas continuamente en la propia ciudad de Idleb y en las zonas que controlan en esa provincia de igual nombre<\/p>\n<h6> 2017-08-05 15:03:50 <\/h6>\n<p><!--\n<link rel=\"stylesheet\" href=\"css\/bootstrap.min.css\">\n\n\n<ul class=\"pagination\">\n\t    \n\t\n\n<li >\n\t<a href='?page_no=14148'>Previous<\/a>\n\t<\/li>\n\n\n       \n    \n\n<li><a href='?page_no=1'>1<\/a><\/li>\n\n\n\n<li><a href='?page_no=2'>2<\/a><\/li>\n\n\n\n<li><a>...<\/a><\/li>\n\n\n\n<li><a href='?page_no=14147'>14147<\/a><\/li>\n\n\n\n<li><a href='?page_no=14148'>14148<\/a><\/li>\n\n\n\n<li class='active'><a>14149<\/a><\/li>\n\n\n\n<li><a href='?page_no=14150'>14150<\/a><\/li>\n\n\n\n<li><a href='?page_no=14151'>14151<\/a><\/li>\n\n\n\n<li><a>...<\/a><\/li>\n\n\n\n<li><a href='?page_no=51012'>51012<\/a><\/li>\n\n\n\n<li><a href='?page_no=51013'>51013<\/a><\/li>\n\n    \n\t\n\n<li >\n\t<a href='?page_no=14150'>Next<\/a>\n\t<\/li>\n\n\n    \n\n<li><a href='?page_no=51013'>Last &rsaquo;&rsaquo;<\/a><\/li>\n\n<\/ul>\n\n\n--><br \/>\n<\/body><\/p>\n","protected":false},"excerpt":{"rendered":"<p>Damasco, 5 ago (PL) El Ej\u00e9rcito sirio rechaz\u00f3 ataques de grupos terroristas del Estado Isl\u00e1mico, Da\u00e9sh, en el norte de la central provincia de Hama, reportaron hoy fuentes militares. Los intensos combates se produjeron en el oriente de Salamiyah, cerca de la ciudad de Al- Mafkar y en los que en los primeros instantes los [&hellip;]<\/p>\n","protected":false},"author":3,"featured_media":0,"comment_status":"open","ping_status":"open","sticky":false,"template":"","format":"standard","meta":{"footnotes":""},"categories":[23],"tags":[],"class_list":["post-234881","post","type-post","status-publish","format-standard","hentry","category-internacional"],"_links":{"self":[{"href":"https:\/\/diariodominicano.com\/index.php?rest_route=\/wp\/v2\/posts\/234881","targetHints":{"allow":["GET"]}}],"collection":[{"href":"https:\/\/diariodominicano.com\/index.php?rest_route=\/wp\/v2\/posts"}],"about":[{"href":"https:\/\/diariodominicano.com\/index.php?rest_route=\/wp\/v2\/types\/post"}],"author":[{"embeddable":true,"href":"https:\/\/diariodominicano.com\/index.php?rest_route=\/wp\/v2\/users\/3"}],"replies":[{"embeddable":true,"href":"https:\/\/diariodominicano.com\/index.php?rest_route=%2Fwp%2Fv2%2Fcomments&post=234881"}],"version-history":[{"count":0,"href":"https:\/\/diariodominicano.com\/index.php?rest_route=\/wp\/v2\/posts\/234881\/revisions"}],"wp:attachment":[{"href":"https:\/\/diariodominicano.com\/index.php?rest_route=%2Fwp%2Fv2%2Fmedia&parent=234881"}],"wp:term":[{"taxonomy":"category","embeddable":true,"href":"https:\/\/diariodominicano.com\/index.php?rest_route=%2Fwp%2Fv2%2Fcategories&post=234881"},{"taxonomy":"post_tag","embeddable":true,"href":"https:\/\/diariodominicano.com\/index.php?rest_route=%2Fwp%2Fv2%2Ftags&post=234881"}],"curies":[{"name":"wp","href":"https:\/\/api.w.org\/{rel}","templated":true}]}}