{"id":234879,"date":"2017-08-05T16:34:30","date_gmt":"2017-08-05T16:34:30","guid":{"rendered":"http:\/\/diariodominicano.ddns.net\/?p=234879"},"modified":"2017-08-05T16:34:30","modified_gmt":"2017-08-05T16:34:30","slug":"labor-de-rescate-en-australia-tras-accidente-de-avion-estadounidense","status":"publish","type":"post","link":"https:\/\/diariodominicano.com\/?p=234879","title":{"rendered":"Labor de rescate en Australia tras accidente de avi\u00f3n estadounidense"},"content":{"rendered":"<p><body><\/p>\n<p><img decoding=\"async\" src=\"img3\/avion-mv-22-osprey (1).jpg\" \/>  <\/p>\n<p>Washington, 5 ago (PL) La Unidad Expedicionaria de Infanter\u00eda de la marina estadounidense desarrolla hoy una operaci\u00f3n de b\u00fasqueda y rescate en costas australianas, luego del accidente en esa zona de un avi\u00f3n MV-22.<\/p>\n<\/p>\n<p>As\u00ed inform\u00f3 el Cuerpo de Marines de Estados Unidos, a cargo de esos procedimientos, aunque no ofreci\u00f3 mayores detalles sobre los miembros del equipo que ya fueron rescatados.<\/p>\n<\/p>\n<p>El MV-22, tambi\u00e9n conocido como Osprey, estaba tratando de aterrizar en un barco durante un ejercicio de entrenamiento realizado por los marines norteamericanos junto al ej\u00e9rcito australiano.<\/p>\n<\/p>\n<p>La ministra australiana de Defensa, Marise Payne, dijo que hab\u00eda hablado con el secretario de Defensa de Estados Unidos, James Mattis, para ofrecer el apoyo de la isla-continente.<\/p>\n<\/p>\n<p>Seg\u00fan las autoridades de ese pa\u00eds, el incidente ocurri\u00f3 en Shoalwater Bay y no hab\u00eda personal australiano a bordo.<\/p>\n<h6> 2017-08-05 16:34:30 <\/h6>\n<p><!--\n<link rel=\"stylesheet\" href=\"css\/bootstrap.min.css\">\n\n\n<ul class=\"pagination\">\n\t    \n\t\n\n<li >\n\t<a href='?page_no=14146'>Previous<\/a>\n\t<\/li>\n\n\n       \n    \n\n<li><a href='?page_no=1'>1<\/a><\/li>\n\n\n\n<li><a href='?page_no=2'>2<\/a><\/li>\n\n\n\n<li><a>...<\/a><\/li>\n\n\n\n<li><a href='?page_no=14145'>14145<\/a><\/li>\n\n\n\n<li><a href='?page_no=14146'>14146<\/a><\/li>\n\n\n\n<li class='active'><a>14147<\/a><\/li>\n\n\n\n<li><a href='?page_no=14148'>14148<\/a><\/li>\n\n\n\n<li><a href='?page_no=14149'>14149<\/a><\/li>\n\n\n\n<li><a>...<\/a><\/li>\n\n\n\n<li><a href='?page_no=51012'>51012<\/a><\/li>\n\n\n\n<li><a href='?page_no=51013'>51013<\/a><\/li>\n\n    \n\t\n\n<li >\n\t<a href='?page_no=14148'>Next<\/a>\n\t<\/li>\n\n\n    \n\n<li><a href='?page_no=51013'>Last &rsaquo;&rsaquo;<\/a><\/li>\n\n<\/ul>\n\n\n--><br \/>\n<\/body><\/p>\n","protected":false},"excerpt":{"rendered":"<p>Washington, 5 ago (PL) La Unidad Expedicionaria de Infanter\u00eda de la marina estadounidense desarrolla hoy una operaci\u00f3n de b\u00fasqueda y rescate en costas australianas, luego del accidente en esa zona de un avi\u00f3n MV-22. As\u00ed inform\u00f3 el Cuerpo de Marines de Estados Unidos, a cargo de esos procedimientos, aunque no ofreci\u00f3 mayores detalles sobre los [&hellip;]<\/p>\n","protected":false},"author":3,"featured_media":0,"comment_status":"open","ping_status":"open","sticky":false,"template":"","format":"standard","meta":{"footnotes":""},"categories":[23],"tags":[],"class_list":["post-234879","post","type-post","status-publish","format-standard","hentry","category-internacional"],"_links":{"self":[{"href":"https:\/\/diariodominicano.com\/index.php?rest_route=\/wp\/v2\/posts\/234879","targetHints":{"allow":["GET"]}}],"collection":[{"href":"https:\/\/diariodominicano.com\/index.php?rest_route=\/wp\/v2\/posts"}],"about":[{"href":"https:\/\/diariodominicano.com\/index.php?rest_route=\/wp\/v2\/types\/post"}],"author":[{"embeddable":true,"href":"https:\/\/diariodominicano.com\/index.php?rest_route=\/wp\/v2\/users\/3"}],"replies":[{"embeddable":true,"href":"https:\/\/diariodominicano.com\/index.php?rest_route=%2Fwp%2Fv2%2Fcomments&post=234879"}],"version-history":[{"count":0,"href":"https:\/\/diariodominicano.com\/index.php?rest_route=\/wp\/v2\/posts\/234879\/revisions"}],"wp:attachment":[{"href":"https:\/\/diariodominicano.com\/index.php?rest_route=%2Fwp%2Fv2%2Fmedia&parent=234879"}],"wp:term":[{"taxonomy":"category","embeddable":true,"href":"https:\/\/diariodominicano.com\/index.php?rest_route=%2Fwp%2Fv2%2Fcategories&post=234879"},{"taxonomy":"post_tag","embeddable":true,"href":"https:\/\/diariodominicano.com\/index.php?rest_route=%2Fwp%2Fv2%2Ftags&post=234879"}],"curies":[{"name":"wp","href":"https:\/\/api.w.org\/{rel}","templated":true}]}}