{"id":234877,"date":"2017-08-05T16:46:17","date_gmt":"2017-08-05T16:46:17","guid":{"rendered":"http:\/\/diariodominicano.ddns.net\/?p=234877"},"modified":"2017-08-05T16:46:17","modified_gmt":"2017-08-05T16:46:17","slug":"mas-de-un-millon-de-refugiados-en-turquia-recibiran-ayuda-de-la-ue","status":"publish","type":"post","link":"https:\/\/diariodominicano.com\/?p=234877","title":{"rendered":"&#13;M\u00e1s de un mill\u00f3n de refugiados en Turqu\u00eda recibir\u00e1n ayuda de la UE"},"content":{"rendered":"<p><body><\/p>\n<\/p>\n<p><span class=\"text1noticias\">Ankara, 5 ago (PL) La Uni\u00f3n Europea (UE) entregar\u00e1 ayuda econ\u00f3mica a m\u00e1s de un mill\u00f3n de refugiados en Turqu\u00eda, en su mayor\u00eda de origen sirio, anunci\u00f3 hoy en esta capital una funcionaria de la organizaci\u00f3n regional.<\/span><\/p>\n<p><span class=\"text1noticias\"> <\/span><\/p>\n<p><span class=\"text1noticias\">Jane Lewis, representante en este pa\u00eds de la Oficina de Ayuda Humanitaria de la Comisi\u00f3n Europea (ECHO), indic\u00f3 este s\u00e1bado que comenzar\u00e1 en los pr\u00f3ximos d\u00edas la entrega de unas 850 mil tarjetas de d\u00e9bito con fondos aportados por la entidad, y se espera que en septiembre un mill\u00f3n de esos inmigrantes irregulares cuenten con las mismas.<\/span><\/p>\n<p><span class=\"text1noticias\"> <\/span><\/p>\n<p><span class=\"text1noticias\">Seg\u00fan indica un reciente comunicado de la Oficina del Alto Comisionado de Naciones Unidas para Refugiados (Acnur), m\u00e1s de cinco millones de sirios viven como refugiados en pa\u00edses lim\u00edtrofes, el mayor n\u00famero de quienes se encuentran bajo ese estatus a nivel mundial.<\/span><\/p>\n<p><span class=\"text1noticias\"> <\/span><\/p>\n<p><span class=\"text1noticias\">El reporte destaca que Turqu\u00eda, con casi tres millones, encabeza la lista de las naciones que acogen a los mismos, quienes solo reciben el 17 por ciento de la financiaci\u00f3n que requiere para mantenerlos , por lo cual la Acnur llam\u00f3 a incrementar la ayuda. Lewis adelant\u00f3 que el actual programa basado en el acuerdo migratorio firmado entre la UE y el gobierno turco en marzo de 2016, tiene como prop\u00f3sito llevar apoyo financiero mensual a un mill\u00f3n 314 mil, poco m\u00e1s de un tercio de los refugiados en esa naci\u00f3n.<\/span><\/p>\n<h6> 2017-08-05 16:46:17 <\/h6>\n<p><!--\n<link rel=\"stylesheet\" href=\"css\/bootstrap.min.css\">\n\n\n<ul class=\"pagination\">\n\t    \n\t\n\n<li >\n\t<a href='?page_no=14144'>Previous<\/a>\n\t<\/li>\n\n\n       \n    \n\n<li><a href='?page_no=1'>1<\/a><\/li>\n\n\n\n<li><a href='?page_no=2'>2<\/a><\/li>\n\n\n\n<li><a>...<\/a><\/li>\n\n\n\n<li><a href='?page_no=14143'>14143<\/a><\/li>\n\n\n\n<li><a href='?page_no=14144'>14144<\/a><\/li>\n\n\n\n<li class='active'><a>14145<\/a><\/li>\n\n\n\n<li><a href='?page_no=14146'>14146<\/a><\/li>\n\n\n\n<li><a href='?page_no=14147'>14147<\/a><\/li>\n\n\n\n<li><a>...<\/a><\/li>\n\n\n\n<li><a href='?page_no=51012'>51012<\/a><\/li>\n\n\n\n<li><a href='?page_no=51013'>51013<\/a><\/li>\n\n    \n\t\n\n<li >\n\t<a href='?page_no=14146'>Next<\/a>\n\t<\/li>\n\n\n    \n\n<li><a href='?page_no=51013'>Last &rsaquo;&rsaquo;<\/a><\/li>\n\n<\/ul>\n\n\n--><br \/>\n<\/body><\/p>\n","protected":false},"excerpt":{"rendered":"<p>Ankara, 5 ago (PL) La Uni\u00f3n Europea (UE) entregar\u00e1 ayuda econ\u00f3mica a m\u00e1s de un mill\u00f3n de refugiados en Turqu\u00eda, en su mayor\u00eda de origen sirio, anunci\u00f3 hoy en esta capital una funcionaria de la organizaci\u00f3n regional. Jane Lewis, representante en este pa\u00eds de la Oficina de Ayuda Humanitaria de la Comisi\u00f3n Europea (ECHO), indic\u00f3 [&hellip;]<\/p>\n","protected":false},"author":3,"featured_media":0,"comment_status":"open","ping_status":"open","sticky":false,"template":"","format":"standard","meta":{"footnotes":""},"categories":[23],"tags":[],"class_list":["post-234877","post","type-post","status-publish","format-standard","hentry","category-internacional"],"_links":{"self":[{"href":"https:\/\/diariodominicano.com\/index.php?rest_route=\/wp\/v2\/posts\/234877","targetHints":{"allow":["GET"]}}],"collection":[{"href":"https:\/\/diariodominicano.com\/index.php?rest_route=\/wp\/v2\/posts"}],"about":[{"href":"https:\/\/diariodominicano.com\/index.php?rest_route=\/wp\/v2\/types\/post"}],"author":[{"embeddable":true,"href":"https:\/\/diariodominicano.com\/index.php?rest_route=\/wp\/v2\/users\/3"}],"replies":[{"embeddable":true,"href":"https:\/\/diariodominicano.com\/index.php?rest_route=%2Fwp%2Fv2%2Fcomments&post=234877"}],"version-history":[{"count":0,"href":"https:\/\/diariodominicano.com\/index.php?rest_route=\/wp\/v2\/posts\/234877\/revisions"}],"wp:attachment":[{"href":"https:\/\/diariodominicano.com\/index.php?rest_route=%2Fwp%2Fv2%2Fmedia&parent=234877"}],"wp:term":[{"taxonomy":"category","embeddable":true,"href":"https:\/\/diariodominicano.com\/index.php?rest_route=%2Fwp%2Fv2%2Fcategories&post=234877"},{"taxonomy":"post_tag","embeddable":true,"href":"https:\/\/diariodominicano.com\/index.php?rest_route=%2Fwp%2Fv2%2Ftags&post=234877"}],"curies":[{"name":"wp","href":"https:\/\/api.w.org\/{rel}","templated":true}]}}