{"id":234873,"date":"2017-08-05T17:24:09","date_gmt":"2017-08-05T17:24:09","guid":{"rendered":"http:\/\/diariodominicano.ddns.net\/?p=234873"},"modified":"2017-08-05T17:24:09","modified_gmt":"2017-08-05T17:24:09","slug":"constituyente-designa-fiscal-general-de-venezuela","status":"publish","type":"post","link":"https:\/\/diariodominicano.com\/?p=234873","title":{"rendered":"Constituyente designa Fiscal General de Venezuela"},"content":{"rendered":"<p><body><\/p>\n<p><img decoding=\"async\" src=\"img3\/1Tarek-William-Saab.jpg\" \/>  <\/p>\n<p><strong> Caracas, 5 ago (PL)<\/strong> La Asamblea Nacional Constituyente (ANC) de Venezuela design\u00f3 hoy por unanimidad como fiscal general provisional al doctor Tareck William Saab, en sustituci\u00f3n de la titular Luisa Ortega.<\/p>\n<\/p>\n<p>Los constituyentes declararon adem\u00e1s en emergencia al Ministerio P\u00fablico, en cuyos alrededores en la Avenida Urdaneta esquina de las \u00c1nimas, fue desplegado un contingente de efectivos de la Guardia Nacional Bolivariana.<\/p>\n<\/p>\n<p>Seg\u00fan el constituyente Diosdado Cabello, la Fiscal\u00eda no actu\u00f3 contra la violencia desplegada por grupos terroristas en los \u00faltimos tres meses, pese al conocimiento de los autores y promotores de la violencia que caus\u00f3 en el pa\u00eds m\u00e1s de 100 muertos.<\/p>\n<\/p>\n<p>La v\u00edspera fuentes del Tribunal Supremo de Justicia (TSJ) informaron al diario \u00daltimas Noticias que la Sala Plena decidi\u00f3 suspender del cargo a la fiscal Ortega y proceder a su enjuiciamiento.<\/p>\n<\/p>\n<p>El presidente del TSJ, magistrado Maikel Moreno, inici\u00f3 el pasado 4 de julio, en Sala Plena, la audiencia oral y p\u00fablica del antejuicio de m\u00e9rito contra la figura de esa alta funcionaria.<\/p>\n<\/p>\n<p>&#8216;Es importante se\u00f1alar la responsabilidad por la cual se le se\u00f1ala como presunta autora a la ciudadana Luisa Ortega D\u00edaz es de car\u00e1cter \u00e9tico y moral&#8217;, dijo el magistrado Moreno.<\/p>\n<\/p>\n<p>El diputado Pedro Carre\u00f1o, del Partido Socialista Unido de Venezuela, expuso sus alegatos para fundamentar la solicitud del antejuicio de m\u00e9rito contra la fiscal Ortega e insisti\u00f3 en que la actuaci\u00f3n de la magistrada &#8216;estaba ce\u00f1ida al plan antagonista de presentar a Venezuela como un Estado fallido&#8217;.<\/p>\n<\/p>\n<p>&#8216;Se busca generar la sensaci\u00f3n de que en Venezuela hay un conflicto de poderes, esa es la primera tarea que vino a cumplir la Asamblea Nacional, en desacato, y que recogi\u00f3 la se\u00f1ora Luisa Ortega D\u00edaz&#8217;, puntualiz\u00f3 Carre\u00f1o.<\/p>\n<\/p>\n<p>Se espera que con esta decisi\u00f3n del soberano tribunal las autoridades enfrenten en la justicia a los promotores de la violencia y el terrorismo en el pa\u00eds.<\/p>\n<\/p>\n<p>oda\/lb<\/p>\n<h6> 2017-08-05 17:24:09 <\/h6>\n<p><!--\n<link rel=\"stylesheet\" href=\"css\/bootstrap.min.css\">\n\n\n<ul class=\"pagination\">\n\t    \n\t\n\n<li >\n\t<a href='?page_no=14140'>Previous<\/a>\n\t<\/li>\n\n\n       \n    \n\n<li><a href='?page_no=1'>1<\/a><\/li>\n\n\n\n<li><a href='?page_no=2'>2<\/a><\/li>\n\n\n\n<li><a>...<\/a><\/li>\n\n\n\n<li><a href='?page_no=14139'>14139<\/a><\/li>\n\n\n\n<li><a href='?page_no=14140'>14140<\/a><\/li>\n\n\n\n<li class='active'><a>14141<\/a><\/li>\n\n\n\n<li><a href='?page_no=14142'>14142<\/a><\/li>\n\n\n\n<li><a href='?page_no=14143'>14143<\/a><\/li>\n\n\n\n<li><a>...<\/a><\/li>\n\n\n\n<li><a href='?page_no=51012'>51012<\/a><\/li>\n\n\n\n<li><a href='?page_no=51013'>51013<\/a><\/li>\n\n    \n\t\n\n<li >\n\t<a href='?page_no=14142'>Next<\/a>\n\t<\/li>\n\n\n    \n\n<li><a href='?page_no=51013'>Last &rsaquo;&rsaquo;<\/a><\/li>\n\n<\/ul>\n\n\n--><br \/>\n<\/body><\/p>\n","protected":false},"excerpt":{"rendered":"<p>Caracas, 5 ago (PL) La Asamblea Nacional Constituyente (ANC) de Venezuela design\u00f3 hoy por unanimidad como fiscal general provisional al doctor Tareck William Saab, en sustituci\u00f3n de la titular Luisa Ortega. Los constituyentes declararon adem\u00e1s en emergencia al Ministerio P\u00fablico, en cuyos alrededores en la Avenida Urdaneta esquina de las \u00c1nimas, fue desplegado un contingente [&hellip;]<\/p>\n","protected":false},"author":3,"featured_media":0,"comment_status":"open","ping_status":"open","sticky":false,"template":"","format":"standard","meta":{"footnotes":""},"categories":[23],"tags":[],"class_list":["post-234873","post","type-post","status-publish","format-standard","hentry","category-internacional"],"_links":{"self":[{"href":"https:\/\/diariodominicano.com\/index.php?rest_route=\/wp\/v2\/posts\/234873","targetHints":{"allow":["GET"]}}],"collection":[{"href":"https:\/\/diariodominicano.com\/index.php?rest_route=\/wp\/v2\/posts"}],"about":[{"href":"https:\/\/diariodominicano.com\/index.php?rest_route=\/wp\/v2\/types\/post"}],"author":[{"embeddable":true,"href":"https:\/\/diariodominicano.com\/index.php?rest_route=\/wp\/v2\/users\/3"}],"replies":[{"embeddable":true,"href":"https:\/\/diariodominicano.com\/index.php?rest_route=%2Fwp%2Fv2%2Fcomments&post=234873"}],"version-history":[{"count":0,"href":"https:\/\/diariodominicano.com\/index.php?rest_route=\/wp\/v2\/posts\/234873\/revisions"}],"wp:attachment":[{"href":"https:\/\/diariodominicano.com\/index.php?rest_route=%2Fwp%2Fv2%2Fmedia&parent=234873"}],"wp:term":[{"taxonomy":"category","embeddable":true,"href":"https:\/\/diariodominicano.com\/index.php?rest_route=%2Fwp%2Fv2%2Fcategories&post=234873"},{"taxonomy":"post_tag","embeddable":true,"href":"https:\/\/diariodominicano.com\/index.php?rest_route=%2Fwp%2Fv2%2Ftags&post=234873"}],"curies":[{"name":"wp","href":"https:\/\/api.w.org\/{rel}","templated":true}]}}