{"id":234872,"date":"2017-08-05T17:28:55","date_gmt":"2017-08-05T17:28:55","guid":{"rendered":"http:\/\/diariodominicano.ddns.net\/?p=234872"},"modified":"2017-08-05T17:28:55","modified_gmt":"2017-08-05T17:28:55","slug":"fallecio-exlider-de-movimiento-del-68-en-mexico","status":"publish","type":"post","link":"https:\/\/diariodominicano.com\/?p=234872","title":{"rendered":"Falleci\u00f3 exlider de Movimiento del 68 en M\u00e9xico"},"content":{"rendered":"<p><body><\/p>\n<p><strong>M\u00e9xico, 5 ago (PL) <\/strong>El exdirigente estudiantil mexicano Marcelino Perell\u00f3, quien fue uno de los l\u00edderes del llamado Movimiento del 68, pereci\u00f3 a los 73 a\u00f1os, seg\u00fan informaron hoy medios locales.<\/p>\n<\/p>\n<p>Perell\u00f3 fue representante de la Facultad de Ciencias Pol\u00edticas de la Universidad Nacional Aut\u00f3noma de M\u00e9xico (UNAM) ante el Consejo Nacional de Huelga, que lider\u00f3 un movimiento social de protesta brutalmente reprimido por el gobierno, el ej\u00e9rcito y fuerzas paramilitares.<\/p>\n<\/p>\n<p>Estudiantes universitarios, intelectuales, obreros, profesionales y amas de casa se sumaron al movimiento y participaban en una manifestaci\u00f3n que fue tiroteada con sa\u00f1a el 2 de octubre de 1968 en la Plaza de las tres Culturas, de esta capital.<\/p>\n<\/p>\n<p>La cifra de v\u00edctimas a\u00fan se desconoce, pero se habla de varios miles.<\/p>\n<\/p>\n<p>Perell\u00f3 era acad\u00e9mico y conductor de un pol\u00e9mico programa de Radio UNAM.<\/p>\n<\/p>\n<p>acl\/ool<\/p>\n<h6> 2017-08-05 17:28:55 <\/h6>\n<p><!--\n<link rel=\"stylesheet\" href=\"css\/bootstrap.min.css\">\n\n\n<ul class=\"pagination\">\n\t    \n\t\n\n<li >\n\t<a href='?page_no=14139'>Previous<\/a>\n\t<\/li>\n\n\n       \n    \n\n<li><a href='?page_no=1'>1<\/a><\/li>\n\n\n\n<li><a href='?page_no=2'>2<\/a><\/li>\n\n\n\n<li><a>...<\/a><\/li>\n\n\n\n<li><a href='?page_no=14138'>14138<\/a><\/li>\n\n\n\n<li><a href='?page_no=14139'>14139<\/a><\/li>\n\n\n\n<li class='active'><a>14140<\/a><\/li>\n\n\n\n<li><a href='?page_no=14141'>14141<\/a><\/li>\n\n\n\n<li><a href='?page_no=14142'>14142<\/a><\/li>\n\n\n\n<li><a>...<\/a><\/li>\n\n\n\n<li><a href='?page_no=51012'>51012<\/a><\/li>\n\n\n\n<li><a href='?page_no=51013'>51013<\/a><\/li>\n\n    \n\t\n\n<li >\n\t<a href='?page_no=14141'>Next<\/a>\n\t<\/li>\n\n\n    \n\n<li><a href='?page_no=51013'>Last &rsaquo;&rsaquo;<\/a><\/li>\n\n<\/ul>\n\n\n--><br \/>\n<\/body><\/p>\n","protected":false},"excerpt":{"rendered":"<p>M\u00e9xico, 5 ago (PL) El exdirigente estudiantil mexicano Marcelino Perell\u00f3, quien fue uno de los l\u00edderes del llamado Movimiento del 68, pereci\u00f3 a los 73 a\u00f1os, seg\u00fan informaron hoy medios locales. Perell\u00f3 fue representante de la Facultad de Ciencias Pol\u00edticas de la Universidad Nacional Aut\u00f3noma de M\u00e9xico (UNAM) ante el Consejo Nacional de Huelga, que [&hellip;]<\/p>\n","protected":false},"author":3,"featured_media":0,"comment_status":"open","ping_status":"open","sticky":false,"template":"","format":"standard","meta":{"footnotes":""},"categories":[23],"tags":[],"class_list":["post-234872","post","type-post","status-publish","format-standard","hentry","category-internacional"],"_links":{"self":[{"href":"https:\/\/diariodominicano.com\/index.php?rest_route=\/wp\/v2\/posts\/234872","targetHints":{"allow":["GET"]}}],"collection":[{"href":"https:\/\/diariodominicano.com\/index.php?rest_route=\/wp\/v2\/posts"}],"about":[{"href":"https:\/\/diariodominicano.com\/index.php?rest_route=\/wp\/v2\/types\/post"}],"author":[{"embeddable":true,"href":"https:\/\/diariodominicano.com\/index.php?rest_route=\/wp\/v2\/users\/3"}],"replies":[{"embeddable":true,"href":"https:\/\/diariodominicano.com\/index.php?rest_route=%2Fwp%2Fv2%2Fcomments&post=234872"}],"version-history":[{"count":0,"href":"https:\/\/diariodominicano.com\/index.php?rest_route=\/wp\/v2\/posts\/234872\/revisions"}],"wp:attachment":[{"href":"https:\/\/diariodominicano.com\/index.php?rest_route=%2Fwp%2Fv2%2Fmedia&parent=234872"}],"wp:term":[{"taxonomy":"category","embeddable":true,"href":"https:\/\/diariodominicano.com\/index.php?rest_route=%2Fwp%2Fv2%2Fcategories&post=234872"},{"taxonomy":"post_tag","embeddable":true,"href":"https:\/\/diariodominicano.com\/index.php?rest_route=%2Fwp%2Fv2%2Ftags&post=234872"}],"curies":[{"name":"wp","href":"https:\/\/api.w.org\/{rel}","templated":true}]}}